{"id":2372,"date":"2014-03-19T20:56:28","date_gmt":"2014-03-19T20:56:28","guid":{"rendered":"http:\/\/www.cgt-hopital-manosque.fr\/?p=2372"},"modified":"2015-02-01T17:56:00","modified_gmt":"2015-02-01T17:56:00","slug":"20-mars-2014-sinscrire-a-lordre-infirmier-nest-pas-obligatoire","status":"publish","type":"post","link":"http:\/\/www.cgt-hopital-manosque.fr\/?p=2372","title":{"rendered":"20 mars 2014 &#8211; S&rsquo;inscrire \u00e0 l&rsquo;Ordre infirmier n&rsquo;est pas obligatoire"},"content":{"rendered":"<p style= \"text-align: justify;\">Depuis 8 ans une intersyndicale porte l\u2019abrogation des Ordres. De nombreux conflits locaux existent quant \u00e0 l\u2019adh\u00e9sion \u00e0 l\u2019Ordre. \u00c0 force de continuellement intervenir au sujet des Ordres devant les diff\u00e9rents minist\u00e8res, nous venons d\u2019obtenir, apr\u00e8s des annonces orales, un premier \u00e9crit sur le sujet. <\/p>\n<p style= \"text-align: justify;\">Le mail ci-dessous insiste sur 3 points majeurs. <\/p>\n<p style= \"text-align: justify;\">\u2022 1 &#8211; Il confirme la position de la ministre vis-\u00e0-vis du parlement et de ses attentes : \u00ab la ministre a indiqu\u00e9 qu\u2019elle \u00e9tait favorable \u00e0 ce que le Parlement se saisisse de la question d\u2019une adh\u00e9sion facultative \u00e0 l\u2019Ordre des infirmiers \u00bb. <\/p>\n<p style= \"text-align: justify;\">\u2022 2 &#8211; Il est demand\u00e9 de ne pas relayer les demandes de pressions des Ordres vis-\u00e0-vis des agents : \u00ab Il n\u2019est pas demand\u00e9 aux ARS de relayer sous une forme ou une autre ce rappel des r\u00e8gles. \u00bb <\/p>\n<p style= \"text-align: justify;\">\u2022 3 \u2013 Le minist\u00e8re repr\u00e9cise l\u2019absence de hi\u00e9rarchie entre les inscriptions \u00e0 l\u2019Ordre et l\u2019inscription au fichier ADELI : \u00ab il est rappel\u00e9 que l\u2019inscription au fichier ADELI n\u2019est pas conditionn\u00e9e par l\u2019inscription ordinale \u00bb, cela doit nous servir pour les mises sous statuts. <\/p>\n<p style= \"text-align: justify;\">Le combat sera encore long<br \/>\ncar les pressions des Ordres sont permanentes. <\/p>\n<p><a href=\"http:\/\/www.cgt-hopital-manosque.fr\/wp-content\/uploads\/2014\/03\/370.-Ordre-infirmier.jpg\"><img loading=\"lazy\" decoding=\"async\" src=\"http:\/\/www.cgt-hopital-manosque.fr\/wp-content\/uploads\/2014\/03\/370.-Ordre-infirmier.jpg\" alt=\"\" width=\"691\" height=\"584\" class=\"aligncenter size-full wp-image-2374\" srcset=\"http:\/\/www.cgt-hopital-manosque.fr\/wp-content\/uploads\/2014\/03\/370.-Ordre-infirmier.jpg 691w, http:\/\/www.cgt-hopital-manosque.fr\/wp-content\/uploads\/2014\/03\/370.-Ordre-infirmier-300x253.jpg 300w\" sizes=\"(max-width: 691px) 100vw, 691px\" \/><\/a><\/p>\n","protected":false},"excerpt":{"rendered":"<p>Depuis 8 ans une intersyndicale porte l\u2019abrogation des Ordres. De nombreux conflits locaux existent quant \u00e0 l\u2019adh\u00e9sion \u00e0 l\u2019Ordre. \u00c0 force de continuellement intervenir au sujet des Ordres devant les diff\u00e9rents minist\u00e8res, nous venons d\u2019obtenir, apr\u00e8s des annonces orales, un premier \u00e9crit sur le sujet. Le mail ci-dessous insiste sur 3 points majeurs. \u2022 1 [&hellip;]<\/p>\n","protected":false},"author":1,"featured_media":0,"comment_status":"closed","ping_status":"open","sticky":false,"template":"","format":"standard","meta":{"footnotes":""},"categories":[8,5],"tags":[],"views":2120,"_links":{"self":[{"href":"http:\/\/www.cgt-hopital-manosque.fr\/index.php?rest_route=\/wp\/v2\/posts\/2372"}],"collection":[{"href":"http:\/\/www.cgt-hopital-manosque.fr\/index.php?rest_route=\/wp\/v2\/posts"}],"about":[{"href":"http:\/\/www.cgt-hopital-manosque.fr\/index.php?rest_route=\/wp\/v2\/types\/post"}],"author":[{"embeddable":true,"href":"http:\/\/www.cgt-hopital-manosque.fr\/index.php?rest_route=\/wp\/v2\/users\/1"}],"replies":[{"embeddable":true,"href":"http:\/\/www.cgt-hopital-manosque.fr\/index.php?rest_route=%2Fwp%2Fv2%2Fcomments&post=2372"}],"version-history":[{"count":5,"href":"http:\/\/www.cgt-hopital-manosque.fr\/index.php?rest_route=\/wp\/v2\/posts\/2372\/revisions"}],"predecessor-version":[{"id":2384,"href":"http:\/\/www.cgt-hopital-manosque.fr\/index.php?rest_route=\/wp\/v2\/posts\/2372\/revisions\/2384"}],"wp:attachment":[{"href":"http:\/\/www.cgt-hopital-manosque.fr\/index.php?rest_route=%2Fwp%2Fv2%2Fmedia&parent=2372"}],"wp:term":[{"taxonomy":"category","embeddable":true,"href":"http:\/\/www.cgt-hopital-manosque.fr\/index.php?rest_route=%2Fwp%2Fv2%2Fcategories&post=2372"},{"taxonomy":"post_tag","embeddable":true,"href":"http:\/\/www.cgt-hopital-manosque.fr\/index.php?rest_route=%2Fwp%2Fv2%2Ftags&post=2372"}],"curies":[{"name":"wp","href":"https:\/\/api.w.org\/{rel}","templated":true}]}}