{"id":2378,"date":"2014-03-20T20:43:13","date_gmt":"2014-03-20T20:43:13","guid":{"rendered":"http:\/\/www.cgt-hopital-manosque.fr\/?p=2378"},"modified":"2015-01-25T12:51:42","modified_gmt":"2015-01-25T12:51:42","slug":"21-mars-2014-la-manif-du-18-mars-dans-la-presse","status":"publish","type":"post","link":"http:\/\/www.cgt-hopital-manosque.fr\/?p=2378","title":{"rendered":"21 mars 2014 &#8211; La manif du 18 mars dans la presse"},"content":{"rendered":"<p><a href=\"http:\/\/www.cgt-hopital-manosque.fr\/wp-content\/uploads\/2014\/03\/371.-La-Marseillaise-sur-la-journ\u00e9e-du-18-mars-2014.jpg\"><img loading=\"lazy\" decoding=\"async\" src=\"http:\/\/www.cgt-hopital-manosque.fr\/wp-content\/uploads\/2014\/03\/371.-La-Marseillaise-sur-la-journ\u00e9e-du-18-mars-2014.jpg\" alt=\"\" width=\"968\" height=\"484\" class=\"aligncenter size-full wp-image-2379\" srcset=\"http:\/\/www.cgt-hopital-manosque.fr\/wp-content\/uploads\/2014\/03\/371.-La-Marseillaise-sur-la-journ\u00e9e-du-18-mars-2014.jpg 968w, http:\/\/www.cgt-hopital-manosque.fr\/wp-content\/uploads\/2014\/03\/371.-La-Marseillaise-sur-la-journ\u00e9e-du-18-mars-2014-300x150.jpg 300w\" sizes=\"(max-width: 968px) 100vw, 968px\" \/><\/a><\/p>\n<p style= \"text-align: justify;\">Ci-joint l&rsquo;article de la Marseillaise relatif \u00e0 la journ\u00e9e d&rsquo;action du 18 mars 2014 dans notre d\u00e9partement. <strong><a href=\"http:\/\/www.cgt-hopital-manosque.fr\/wp-content\/uploads\/2014\/03\/371.-La-Marseillaise-sur-la-journ\u00e9e-du-18-mars-2014.pdf\">CLIQUER ICI<\/a><\/strong><\/p>\n","protected":false},"excerpt":{"rendered":"<p>Ci-joint l&rsquo;article de la Marseillaise relatif \u00e0 la journ\u00e9e d&rsquo;action du 18 mars 2014 dans notre d\u00e9partement. CLIQUER ICI<\/p>\n","protected":false},"author":1,"featured_media":0,"comment_status":"closed","ping_status":"open","sticky":false,"template":"","format":"standard","meta":{"footnotes":""},"categories":[7,8],"tags":[],"views":1956,"_links":{"self":[{"href":"http:\/\/www.cgt-hopital-manosque.fr\/index.php?rest_route=\/wp\/v2\/posts\/2378"}],"collection":[{"href":"http:\/\/www.cgt-hopital-manosque.fr\/index.php?rest_route=\/wp\/v2\/posts"}],"about":[{"href":"http:\/\/www.cgt-hopital-manosque.fr\/index.php?rest_route=\/wp\/v2\/types\/post"}],"author":[{"embeddable":true,"href":"http:\/\/www.cgt-hopital-manosque.fr\/index.php?rest_route=\/wp\/v2\/users\/1"}],"replies":[{"embeddable":true,"href":"http:\/\/www.cgt-hopital-manosque.fr\/index.php?rest_route=%2Fwp%2Fv2%2Fcomments&post=2378"}],"version-history":[{"count":2,"href":"http:\/\/www.cgt-hopital-manosque.fr\/index.php?rest_route=\/wp\/v2\/posts\/2378\/revisions"}],"predecessor-version":[{"id":2382,"href":"http:\/\/www.cgt-hopital-manosque.fr\/index.php?rest_route=\/wp\/v2\/posts\/2378\/revisions\/2382"}],"wp:attachment":[{"href":"http:\/\/www.cgt-hopital-manosque.fr\/index.php?rest_route=%2Fwp%2Fv2%2Fmedia&parent=2378"}],"wp:term":[{"taxonomy":"category","embeddable":true,"href":"http:\/\/www.cgt-hopital-manosque.fr\/index.php?rest_route=%2Fwp%2Fv2%2Fcategories&post=2378"},{"taxonomy":"post_tag","embeddable":true,"href":"http:\/\/www.cgt-hopital-manosque.fr\/index.php?rest_route=%2Fwp%2Fv2%2Ftags&post=2378"}],"curies":[{"name":"wp","href":"https:\/\/api.w.org\/{rel}","templated":true}]}}