{"id":2393,"date":"2014-03-26T19:35:50","date_gmt":"2014-03-26T19:35:50","guid":{"rendered":"http:\/\/www.cgt-hopital-manosque.fr\/?p=2393"},"modified":"2015-01-25T12:51:42","modified_gmt":"2015-01-25T12:51:42","slug":"27-mars-2014-les-cadres-dans-le-viseur-du-medef","status":"publish","type":"post","link":"http:\/\/www.cgt-hopital-manosque.fr\/?p=2393","title":{"rendered":"27 mars 2014 &#8211; Les cadres dans le viseur du MEDEF"},"content":{"rendered":"<p><a href=\"http:\/\/www.cgt-hopital-manosque.fr\/wp-content\/uploads\/2014\/03\/375.-Les-cadres-dans-le-viseur-du-MEDEF.jpg\"><img loading=\"lazy\" decoding=\"async\" src=\"http:\/\/www.cgt-hopital-manosque.fr\/wp-content\/uploads\/2014\/03\/375.-Les-cadres-dans-le-viseur-du-MEDEF.jpg\" alt=\"\" width=\"960\" height=\"624\" class=\"aligncenter size-full wp-image-2394\" srcset=\"http:\/\/www.cgt-hopital-manosque.fr\/wp-content\/uploads\/2014\/03\/375.-Les-cadres-dans-le-viseur-du-MEDEF.jpg 960w, http:\/\/www.cgt-hopital-manosque.fr\/wp-content\/uploads\/2014\/03\/375.-Les-cadres-dans-le-viseur-du-MEDEF-300x195.jpg 300w\" sizes=\"(max-width: 960px) 100vw, 960px\" \/><\/a><\/p>\n<p style= \"text-align: justify;\"> <strong>Apr\u00e8s les intermittents du spectacle, le MEDEF s&rsquo;attaque d\u00e9sormais aux cadres. <\/strong> Toujours la m\u00eame logique : faire payer le d\u00e9ficit de l&rsquo;assurance ch\u00f4mage par les salari\u00e9s. Pour financer le r\u00e9gime et lutter contre la pr\u00e9carit\u00e9, les organisations syndicales proposent pourtant d&rsquo;augmenter les cotisations sur les contrats pr\u00e9caires, ce que le patronat refuse.<br \/>\nLe texte d\u00e9pos\u00e9 jeudi 20 mars par le patronat lors de la n\u00e9gociation assurance ch\u00f4mage est une attaque en r\u00e8gle contre les cadres et aboutira \u00e0 la casse de l&rsquo;efficacit\u00e9 de notre syst\u00e8me de protection sociale. <\/p>\n<p style= \"text-align: justify;\">Le patronat propose que les indemnit\u00e9s des demandeurs d&#8217;emploi de plus de 61 ans soient plafonn\u00e9es \u00e0 1500\u20ac ce qui entrainera une baisse de revenu tr\u00e8s importante pour les cadres. <\/p>\n<p style= \"text-align: justify;\">Le patronat propose \u00e9galement de baisser le plafond des allocations-ch\u00f4mage \u00e0 3592 euros, alors que seuls 23.000 demandeurs d&#8217;emploi sont indemnis\u00e9s entre 3500 et 7000 euros. <\/p>\n<p style= \"text-align: justify;\"> <strong>Les gains financiers d\u00e9gag\u00e9s par cette mesure seraient en r\u00e9alit\u00e9 tr\u00e8s faibles. <\/strong><\/p>\n<p style= \"text-align: justify;\">Par son positionnement, le MEDEF laisse entendre que les cadres abuseraient du syst\u00e8me. Ce discours pr\u00e9pare les esprits pour une prochaine baisse de plafond et oppose artificiellement les salari\u00e9s entre eux. <\/p>\n<p style= \"text-align: justify;\"> <strong>Double peine pour les licenciements ? <\/strong><\/p>\n<p style= \"text-align: justify;\">Enfin, les licenci\u00e9s \u00e9conomiques qui r\u00e9ussissent \u00e0 arracher une prime supra l\u00e9gale se verraient priv\u00e9s d&rsquo;indemnit\u00e9 ch\u00f4mage, de m\u00eame pour les salari\u00e9s qui r\u00e9ussissent \u00e0 n\u00e9gocier une contrepartie financi\u00e8re dans le cadre de leur rupture conventionnelle. Un d\u00e9lai de 75 jours existe pourtant d\u00e9j\u00e0 pour les salari\u00e9s qui r\u00e9ussissent \u00e0 arracher une contrepartie \u00e0 leur licenciement.<br \/>\nAvec la r\u00e8gle propos\u00e9e par le patronat, un ancien salari\u00e9 de La Redoute avec 20 ans d&rsquo;anciennet\u00e9 ne serait indemnis\u00e9 par l&rsquo;assurance-ch\u00f4mage qu&rsquo;apr\u00e8s 533 jours. <\/p>\n<p style= \"text-align: justify;\">Cette disposition p\u00e9naliserait tous les licenci\u00e9s \u00e9conomiques et les salari\u00e9s quittant l&rsquo;entreprise apr\u00e8s une rupture conventionnelle, et en particulier les cadres. <\/p>\n<p style= \"text-align: justify;\">L&rsquo;UGICT-CGT d\u00e9nonce une tentative populiste et rappelle <strong>que les cadres contribuent aujourd&rsquo;hui beaucoup plus au financement de l&rsquo;UNEDIC qu&rsquo;ils ne lui co\u00fbtent. Plafonner les allocations ch\u00f4mage reviendrait \u00e0 pousser les cadres vers un syst\u00e8me assurantiel individuel, <\/strong> et \u00e0 casser ainsi la solidarit\u00e9 et la contributivit\u00e9 qui fondent notre syst\u00e8me de protection sociale. <\/p>\n<p style= \"text-align: justify;\">En 2013, les salaires des cadres ont baiss\u00e9 en euros constants. 20% des cadres sont d\u00e9sormais pay\u00e9s en-dessous du plafond de la s\u00e9curit\u00e9 sociale. Dans un contexte de politiques de trappes \u00e0 bas salaires, ce tassement salarial conduit \u00e0 un recul important du paiement des qualifications alors que les cadres et les classes moyennes sont d\u00e9j\u00e0 fortement mis \u00e0 contribution fiscalement pour rembourser le ch\u00e8que de 30 milliards consenti par l&rsquo;Etat au patronat.<br \/>\n<strong>Avec ces mesures, les cadres sont trait\u00e9s comme des boucs \u00e9missaires, tandis que le MEDEF impose son agenda social. <\/strong><\/p>\n","protected":false},"excerpt":{"rendered":"<p>Apr\u00e8s les intermittents du spectacle, le MEDEF s&rsquo;attaque d\u00e9sormais aux cadres. Toujours la m\u00eame logique : faire payer le d\u00e9ficit de l&rsquo;assurance ch\u00f4mage par les salari\u00e9s. Pour financer le r\u00e9gime et lutter contre la pr\u00e9carit\u00e9, les organisations syndicales proposent pourtant d&rsquo;augmenter les cotisations sur les contrats pr\u00e9caires, ce que le patronat refuse. Le texte d\u00e9pos\u00e9 [&hellip;]<\/p>\n","protected":false},"author":1,"featured_media":0,"comment_status":"closed","ping_status":"open","sticky":false,"template":"","format":"standard","meta":{"footnotes":""},"categories":[8],"tags":[],"views":2446,"_links":{"self":[{"href":"http:\/\/www.cgt-hopital-manosque.fr\/index.php?rest_route=\/wp\/v2\/posts\/2393"}],"collection":[{"href":"http:\/\/www.cgt-hopital-manosque.fr\/index.php?rest_route=\/wp\/v2\/posts"}],"about":[{"href":"http:\/\/www.cgt-hopital-manosque.fr\/index.php?rest_route=\/wp\/v2\/types\/post"}],"author":[{"embeddable":true,"href":"http:\/\/www.cgt-hopital-manosque.fr\/index.php?rest_route=\/wp\/v2\/users\/1"}],"replies":[{"embeddable":true,"href":"http:\/\/www.cgt-hopital-manosque.fr\/index.php?rest_route=%2Fwp%2Fv2%2Fcomments&post=2393"}],"version-history":[{"count":2,"href":"http:\/\/www.cgt-hopital-manosque.fr\/index.php?rest_route=\/wp\/v2\/posts\/2393\/revisions"}],"predecessor-version":[{"id":2396,"href":"http:\/\/www.cgt-hopital-manosque.fr\/index.php?rest_route=\/wp\/v2\/posts\/2393\/revisions\/2396"}],"wp:attachment":[{"href":"http:\/\/www.cgt-hopital-manosque.fr\/index.php?rest_route=%2Fwp%2Fv2%2Fmedia&parent=2393"}],"wp:term":[{"taxonomy":"category","embeddable":true,"href":"http:\/\/www.cgt-hopital-manosque.fr\/index.php?rest_route=%2Fwp%2Fv2%2Fcategories&post=2393"},{"taxonomy":"post_tag","embeddable":true,"href":"http:\/\/www.cgt-hopital-manosque.fr\/index.php?rest_route=%2Fwp%2Fv2%2Ftags&post=2393"}],"curies":[{"name":"wp","href":"https:\/\/api.w.org\/{rel}","templated":true}]}}