{"id":2408,"date":"2014-03-31T20:13:18","date_gmt":"2014-03-31T20:13:18","guid":{"rendered":"http:\/\/www.cgt-hopital-manosque.fr\/?p=2408"},"modified":"2015-01-25T12:51:41","modified_gmt":"2015-01-25T12:51:41","slug":"1er-avril-2014-lettre-ouverture-du-27-mars","status":"publish","type":"post","link":"http:\/\/www.cgt-hopital-manosque.fr\/?p=2408","title":{"rendered":"1er avril 2014 &#8211; Lettre ouverture du 27 mars sur les refus de reconduction de temps partiels \u00e0 80%"},"content":{"rendered":"<p style= \"text-align: justify;\">Des refus de reconduction de temps partiels \u00e0 80%  ont \u00e9t\u00e9 assign\u00e9s  \u00e0 certains agents au sein de l&rsquo;\u00e9tablissement.<br \/>\nCes  d\u00e9cisions abusives  sont mises  en place depuis quelques mois d\u00e9j\u00e0. Or, il est regrettable de constater que  le dialogue social, tant valoris\u00e9 depuis septembre 2013 laisse place peu \u00e0 peu  \u00e0 une forme d&rsquo;ostracisme.<br \/>\nEn effet, aucune n\u00e9gociation avec le syndicat CGT n&rsquo;a eu lieu. Aucune transparence sur ce dossier, aucune m\u00e9thodes de calcul s\u00e9rieuses et fiables n\u2019ont \u00e9t\u00e9 produites, ce malgr\u00e9 les nombreuses demandes de la CGT.<\/p>\n<p style= \"text-align: justify;\">Les mesures ainsi que leurs applications sont banalis\u00e9es, c\u2019est la politique du \u00ab C&rsquo;est comme \u00e7a! \u00bb        Dans un projet aussi sensible  que la modification du temps de travail des agents \u00e0 temps partiels qui concerne un grand nombre de salari\u00e9s, leur avis a \u00e9t\u00e9 occult\u00e9 et cette mesure est  arriv\u00e9e comme un couperet.<br \/>\nDe plus, la CGT repr\u00e9sentante majoritaire des salari\u00e9(e)s a \u00e9t\u00e9 \u00e9cart\u00e9e de cette d\u00e9cision concernant des modifications des conditions de travail des agents de l\u2019\u00e9tablissement.<\/p>\n<p style= \"text-align: justify;\">La contradiction qui persiste entre la politique en mati\u00e8re de plan de retour \u00e0 l&rsquo;\u00e9quilibre et celle act\u00e9e publiquement par la plus haute autorit\u00e9 de l&rsquo;\u00e9tablissement \u00e0 la presse  nous laisse pantois.<br \/>\nD&rsquo;un c\u00f4t\u00e9  tout va bien, la direction se r\u00e9jouit de \u00ab\u00a0La bonne sant\u00e9 de l&rsquo;h\u00f4pital\u00a0\u00bb&#8230;, rapport\u00e9e par toute la presse locale, de l&rsquo;autre tout va mal et la direction argue la \u00ab\u00a0mise en  place du plan de retour \u00e0 l&rsquo;\u00e9quilibre\u00a0\u00bb pour justifier la suppression des temps partiels \u00e0 80 % (de non droits).<\/p>\n<p style= \"text-align: justify;\">Qu&rsquo;en est-il r\u00e9ellement? Les finances du centre hospitalier vont-elles bien ou mal?<br \/>\nQue cesse cette pi\u00e8tre valse \u00e0 deux temps!<br \/>\nSerait-ce un fer de lance servant \u00e0 diviser les agents entre eux, \u00e0 faire culpabiliser les salari\u00e9(e)s et petit \u00e0 petit instaurer un r\u00e9gime de la crainte ? La raison du plus fort serait donc toujours la meilleure ?  <\/p>\n<p>Pour lire l&rsquo;int\u00e9gralit\u00e9 de la lettre ouverture, <strong><a href=\"http:\/\/www.cgt-hopital-manosque.fr\/wp-content\/uploads\/2014\/03\/380.-80-DRH-Mars-2014-v-ZEG-2-2.pdf\">CLIQUER ICI<\/a><\/strong><\/p>\n","protected":false},"excerpt":{"rendered":"<p>Des refus de reconduction de temps partiels \u00e0 80% ont \u00e9t\u00e9 assign\u00e9s \u00e0 certains agents au sein de l&rsquo;\u00e9tablissement. Ces d\u00e9cisions abusives sont mises en place depuis quelques mois d\u00e9j\u00e0. Or, il est regrettable de constater que le dialogue social, tant valoris\u00e9 depuis septembre 2013 laisse place peu \u00e0 peu \u00e0 une forme d&rsquo;ostracisme. En [&hellip;]<\/p>\n","protected":false},"author":1,"featured_media":0,"comment_status":"closed","ping_status":"open","sticky":false,"template":"","format":"standard","meta":{"footnotes":""},"categories":[7],"tags":[],"views":2434,"_links":{"self":[{"href":"http:\/\/www.cgt-hopital-manosque.fr\/index.php?rest_route=\/wp\/v2\/posts\/2408"}],"collection":[{"href":"http:\/\/www.cgt-hopital-manosque.fr\/index.php?rest_route=\/wp\/v2\/posts"}],"about":[{"href":"http:\/\/www.cgt-hopital-manosque.fr\/index.php?rest_route=\/wp\/v2\/types\/post"}],"author":[{"embeddable":true,"href":"http:\/\/www.cgt-hopital-manosque.fr\/index.php?rest_route=\/wp\/v2\/users\/1"}],"replies":[{"embeddable":true,"href":"http:\/\/www.cgt-hopital-manosque.fr\/index.php?rest_route=%2Fwp%2Fv2%2Fcomments&post=2408"}],"version-history":[{"count":3,"href":"http:\/\/www.cgt-hopital-manosque.fr\/index.php?rest_route=\/wp\/v2\/posts\/2408\/revisions"}],"predecessor-version":[{"id":2414,"href":"http:\/\/www.cgt-hopital-manosque.fr\/index.php?rest_route=\/wp\/v2\/posts\/2408\/revisions\/2414"}],"wp:attachment":[{"href":"http:\/\/www.cgt-hopital-manosque.fr\/index.php?rest_route=%2Fwp%2Fv2%2Fmedia&parent=2408"}],"wp:term":[{"taxonomy":"category","embeddable":true,"href":"http:\/\/www.cgt-hopital-manosque.fr\/index.php?rest_route=%2Fwp%2Fv2%2Fcategories&post=2408"},{"taxonomy":"post_tag","embeddable":true,"href":"http:\/\/www.cgt-hopital-manosque.fr\/index.php?rest_route=%2Fwp%2Fv2%2Ftags&post=2408"}],"curies":[{"name":"wp","href":"https:\/\/api.w.org\/{rel}","templated":true}]}}