{"id":2417,"date":"2014-04-04T18:53:55","date_gmt":"2014-04-04T18:53:55","guid":{"rendered":"http:\/\/www.cgt-hopital-manosque.fr\/?p=2417"},"modified":"2015-01-25T12:51:41","modified_gmt":"2015-01-25T12:51:41","slug":"4-avril-2014-interviention-de-jean-claude-ghennai-lors-de-lag-du-3-avril","status":"publish","type":"post","link":"http:\/\/www.cgt-hopital-manosque.fr\/?p=2417","title":{"rendered":"4 avril 2014 &#8211; Intervention de Jean-Claude Ghennai lors de l&rsquo;AG du 3 avril (secr\u00e9taire g\u00e9n\u00e9ral du syndicat CGT de l&rsquo;h\u00f4pital)"},"content":{"rendered":"<p style= \"text-align: justify;\">Depuis l\u2019arriv\u00e9e dans le nouvel h\u00f4pital en avril 2010, malgr\u00e9 la satisfaction des personnels d\u2019arriver dans des nouveaux locaux, les conditions de travail n\u2019ont eu de cesse de se d\u00e9t\u00e9riorer.<br \/>\nL\u2019arriv\u00e9e de la DRH en septembre 2013, nous laissait esp\u00e9rer  une prise en compte  r\u00e9elle des conditions de travail,  ce qui n\u2019est pas le cas. C\u2019est pourquoi nous r\u00e9unissons les salari\u00e9s  en Assembl\u00e9e g\u00e9n\u00e9rale.  <\/p>\n<p style= \"text-align: justify;\">Une contradiction persiste entre la politique en mati\u00e8re de plan de retour \u00e0 l&rsquo;\u00e9quilibre et celle act\u00e9e publiquement par la plus haute autorit\u00e9 de l&rsquo;\u00e9tablissement \u00e0 la presse,  pour les v\u0153ux, c&rsquo;est-\u00e0-dire un budget en \u00e9quilibre.<\/p>\n<p style= \"text-align: justify;\">La CGT n\u2019a de cesse de d\u00e9noncer dans toutes les instances les d\u00e9gradations de conditions de travail notamment \u00e0 l\u2019occasion d\u2019un CHSCT en juin 2012,  dans lequel notre organisation a r\u00e9clam\u00e9  l\u2019\u00e9valuation des risques psycho sociaux \u00e0 laquelle la direction a fini par adh\u00e9rer.<br \/>\nQuasiment 2 ans apr\u00e8s, cette \u00e9tude est enfin en cours. <\/p>\n<p style= \"text-align: justify;\">Cependant les conditions de travail continuent de se d\u00e9grader au sein de l\u2019h\u00f4pital et de ses maisons de retraite :<br \/>\nRefus de reconduction de temps partiels \u00e0 80%<br \/>\nModifications de l\u2019organisation du travail du WE<br \/>\nNon prise en compte du temps de trajet lors des formations<br \/>\nNon remplacement des personnels en arr\u00eat de travail<br \/>\nSurcharge de travail augmentant les Risques Psycho Sociaux<br \/>\nSurcharge de travail pour les personnels<br \/>\nRappel intempestif sur les repos<br \/>\nNon prise en compte de la parole des salari\u00e9s lors des r\u00e9organisations de service<br \/>\nEntretiens agressifs<br \/>\nGel de la note arbitraire sans possibilit\u00e9 de dialogue. <\/p>\n<p style= \"text-align: justify;\">Les carences en mati\u00e8re de concertations sont \u00e9videntes, les salari\u00e9(e)s  sont sacrifi\u00e9(e)s  sur l&rsquo;autel du plan de retour \u00e0 l&rsquo;\u00e9quilibre, seule planche de salut pour l&rsquo;administration. <\/p>\n<p style= \"text-align: justify;\">La CGT r\u00e9unit une Assembl\u00e9e g\u00e9n\u00e9rale sur un des exemples phare de la d\u00e9gradation des conditions de travail : la non reconduction des temps partiels \u00e0 80 % contractuels et titulaires.<br \/>\nNous avons  d\u00e9j\u00e0 recueilli 300 signatures qui repr\u00e9sentent quasiment 50% de l\u2019ensemble des salari\u00e9s.<br \/>\nM\u00eame si l\u2019intersyndicale est difficile \u00e0 r\u00e9aliser, cela n\u2019a pas emp\u00each\u00e9 les  militants CFDT et FO de soutenir cette action par leurs signatures. <\/p>\n<p style= \"text-align: justify;\">Les salari\u00e9s responsables et professionnels tiennent le cap et r\u00e9alisent toujours des soins de qualit\u00e9 aux patients.<br \/>\nLa CGT r\u00e9clame un r\u00e9el dialogue social avec ouverture de n\u00e9gociations pour am\u00e9liorer les conditions de travail que les salari\u00e9s revendiquent. <\/p>\n<p style= \"text-align: justify;\">La CGT fait des propositions :<br \/>\nMaintien des temps partiels<br \/>\nMaintien des Repos Hebdomadaires le samedi<br \/>\nPrise en compte du temps de trajet lors des formations<br \/>\nPrise en compte de l\u2019avis de salari\u00e9s<br \/>\nRespect des salari\u00e9s qui ont des devoirs mais \u00e9galement des droits<br \/>\nStop au management agressif<\/p>\n","protected":false},"excerpt":{"rendered":"<p>Depuis l\u2019arriv\u00e9e dans le nouvel h\u00f4pital en avril 2010, malgr\u00e9 la satisfaction des personnels d\u2019arriver dans des nouveaux locaux, les conditions de travail n\u2019ont eu de cesse de se d\u00e9t\u00e9riorer. L\u2019arriv\u00e9e de la DRH en septembre 2013, nous laissait esp\u00e9rer une prise en compte r\u00e9elle des conditions de travail, ce qui n\u2019est pas le cas. [&hellip;]<\/p>\n","protected":false},"author":1,"featured_media":0,"comment_status":"closed","ping_status":"open","sticky":false,"template":"","format":"standard","meta":{"footnotes":""},"categories":[7],"tags":[],"views":2505,"_links":{"self":[{"href":"http:\/\/www.cgt-hopital-manosque.fr\/index.php?rest_route=\/wp\/v2\/posts\/2417"}],"collection":[{"href":"http:\/\/www.cgt-hopital-manosque.fr\/index.php?rest_route=\/wp\/v2\/posts"}],"about":[{"href":"http:\/\/www.cgt-hopital-manosque.fr\/index.php?rest_route=\/wp\/v2\/types\/post"}],"author":[{"embeddable":true,"href":"http:\/\/www.cgt-hopital-manosque.fr\/index.php?rest_route=\/wp\/v2\/users\/1"}],"replies":[{"embeddable":true,"href":"http:\/\/www.cgt-hopital-manosque.fr\/index.php?rest_route=%2Fwp%2Fv2%2Fcomments&post=2417"}],"version-history":[{"count":9,"href":"http:\/\/www.cgt-hopital-manosque.fr\/index.php?rest_route=\/wp\/v2\/posts\/2417\/revisions"}],"predecessor-version":[{"id":2426,"href":"http:\/\/www.cgt-hopital-manosque.fr\/index.php?rest_route=\/wp\/v2\/posts\/2417\/revisions\/2426"}],"wp:attachment":[{"href":"http:\/\/www.cgt-hopital-manosque.fr\/index.php?rest_route=%2Fwp%2Fv2%2Fmedia&parent=2417"}],"wp:term":[{"taxonomy":"category","embeddable":true,"href":"http:\/\/www.cgt-hopital-manosque.fr\/index.php?rest_route=%2Fwp%2Fv2%2Fcategories&post=2417"},{"taxonomy":"post_tag","embeddable":true,"href":"http:\/\/www.cgt-hopital-manosque.fr\/index.php?rest_route=%2Fwp%2Fv2%2Ftags&post=2417"}],"curies":[{"name":"wp","href":"https:\/\/api.w.org\/{rel}","templated":true}]}}