{"id":2438,"date":"2014-04-08T06:43:13","date_gmt":"2014-04-08T06:43:13","guid":{"rendered":"http:\/\/www.cgt-hopital-manosque.fr\/?p=2438"},"modified":"2015-01-25T12:51:41","modified_gmt":"2015-01-25T12:51:41","slug":"8-avril-2013-lhopital-nest-pas-une-entreprise","status":"publish","type":"post","link":"http:\/\/www.cgt-hopital-manosque.fr\/?p=2438","title":{"rendered":"8 avril 2013 &#8211; L&rsquo;h\u00f4pital n&rsquo;est pas une entreprise !"},"content":{"rendered":"<p style= \"text-align: justify;\"><strong>Les conditions d\u2019hospitalisation des patients sont li\u00e9es aux conditions de travail des personnels !<\/strong><\/p>\n<p style= \"text-align: justify;\">Une d\u00e9gradation sans pr\u00e9c\u00e9dent des conditions de travail se profile : attaque  des droits des agents, plannings et organisation du travail remises en cause quotidiennement, mobilit\u00e9 tout azimut d\u2019un service \u00e0 l\u2019autre, y compris en cours de vacation avec comme cons\u00e9quence de plus en plus de difficult\u00e9s pour assurer la qualit\u00e9, la continuit\u00e9 et la s\u00e9curit\u00e9 des soins.<\/p>\n<p style= \"text-align: justify;\"><strong>L&rsquo;h\u00f4pital n&rsquo;est pas une entreprise !<\/strong><\/p>\n<p style= \"text-align: justify;\">Nous n&rsquo;assisterons pas sans rien faire au sacrifice organis\u00e9 d&rsquo;un service public embl\u00e9matique. Il y en a marre d\u2019entendre dire que nous ne sommes pas l\u00e0 pour faire de la qualit\u00e9. Les personnels hospitaliers ne sont pas des pions. Ils veulent simplement avoir les moyens de r\u00e9aliser leur travail correctement avec un minimum d\u2019\u00e9coute et de respect. Ils souhaitent simplement r\u00e9aliser leurs missions de service public hospitalier avec une prise en charge de qualit\u00e9 des patients.  La forte augmentation des arr\u00eats maladie des derniers mois n\u2019est pas un hasard, les salari\u00e9s sont \u00e9puis\u00e9s par la d\u00e9gradation de leur condition de travail. <\/p>\n<p>Pour consulter le 4 pages complet, <strong><a href=\"http:\/\/www.cgt-hopital-manosque.fr\/wp-content\/uploads\/2014\/04\/Tract-Manosque-AG-du-3-AVRIL.pdf\">CLIQUER ICI<\/a><\/strong><\/p>\n","protected":false},"excerpt":{"rendered":"<p>Les conditions d\u2019hospitalisation des patients sont li\u00e9es aux conditions de travail des personnels ! Une d\u00e9gradation sans pr\u00e9c\u00e9dent des conditions de travail se profile : attaque des droits des agents, plannings et organisation du travail remises en cause quotidiennement, mobilit\u00e9 tout azimut d\u2019un service \u00e0 l\u2019autre, y compris en cours de vacation avec comme cons\u00e9quence [&hellip;]<\/p>\n","protected":false},"author":1,"featured_media":0,"comment_status":"closed","ping_status":"open","sticky":false,"template":"","format":"standard","meta":{"footnotes":""},"categories":[7],"tags":[],"views":2352,"_links":{"self":[{"href":"http:\/\/www.cgt-hopital-manosque.fr\/index.php?rest_route=\/wp\/v2\/posts\/2438"}],"collection":[{"href":"http:\/\/www.cgt-hopital-manosque.fr\/index.php?rest_route=\/wp\/v2\/posts"}],"about":[{"href":"http:\/\/www.cgt-hopital-manosque.fr\/index.php?rest_route=\/wp\/v2\/types\/post"}],"author":[{"embeddable":true,"href":"http:\/\/www.cgt-hopital-manosque.fr\/index.php?rest_route=\/wp\/v2\/users\/1"}],"replies":[{"embeddable":true,"href":"http:\/\/www.cgt-hopital-manosque.fr\/index.php?rest_route=%2Fwp%2Fv2%2Fcomments&post=2438"}],"version-history":[{"count":1,"href":"http:\/\/www.cgt-hopital-manosque.fr\/index.php?rest_route=\/wp\/v2\/posts\/2438\/revisions"}],"predecessor-version":[{"id":2440,"href":"http:\/\/www.cgt-hopital-manosque.fr\/index.php?rest_route=\/wp\/v2\/posts\/2438\/revisions\/2440"}],"wp:attachment":[{"href":"http:\/\/www.cgt-hopital-manosque.fr\/index.php?rest_route=%2Fwp%2Fv2%2Fmedia&parent=2438"}],"wp:term":[{"taxonomy":"category","embeddable":true,"href":"http:\/\/www.cgt-hopital-manosque.fr\/index.php?rest_route=%2Fwp%2Fv2%2Fcategories&post=2438"},{"taxonomy":"post_tag","embeddable":true,"href":"http:\/\/www.cgt-hopital-manosque.fr\/index.php?rest_route=%2Fwp%2Fv2%2Ftags&post=2438"}],"curies":[{"name":"wp","href":"https:\/\/api.w.org\/{rel}","templated":true}]}}