{"id":248,"date":"2012-05-07T17:47:24","date_gmt":"2012-05-07T17:47:24","guid":{"rendered":"http:\/\/www.cgt-hopital-manosque.fr\/?p=248"},"modified":"2012-05-07T17:48:00","modified_gmt":"2012-05-07T17:48:00","slug":"5-mai-2012-les-agents-du-centre-hospitalier-daix-en-provence-relance-le-debat-sur-les-badgeuses","status":"publish","type":"post","link":"http:\/\/www.cgt-hopital-manosque.fr\/?p=248","title":{"rendered":"5 Mai 2012 &#8211; Les agents du centre hospitalier d&rsquo;Aix-en-Provence relance le d\u00e9bat sur les badgeuses"},"content":{"rendered":"<p style= \"text-align: justify;\">La CGT, la CFDT et la coordination AS-AP se mobilisent suite \u00e0 la suspension de Fr\u00e9d\u00e9ric Vignes, responsable CGT, accus\u00e9 de vol d&rsquo;une badgeuse, alors qu&rsquo;il l&rsquo;a enlev\u00e9e de mani\u00e8re symbolique lors d&rsquo;une action syndicale \u00e0 l&rsquo;h\u00f4pital d&rsquo;Aix-en-Provence. Une plainte au p\u00e9nal a \u00e9t\u00e9 d\u00e9pos\u00e9e par la direction.<\/p>\n<p style= \"text-align: justify;\">Une centaine de syndicalistes s&rsquo;est rassembl\u00e9e jeudi dans le hall de l&rsquo;\u00e9tablissement pour d\u00e9noncer une discrimination syndicale et demander le retrait des badgeuses, mises en place depuis le 30 avril. Col\u00e8re et rencontre houleuse \u00e9tait au programme. Une prochaine  r\u00e9union est pr\u00e9vue dans quelques jours pour discuter du cas de M. Vignes et du probl\u00e8me des badgeuses.<\/p>\n","protected":false},"excerpt":{"rendered":"<p>La CGT, la CFDT et la coordination AS-AP se mobilisent suite \u00e0 la suspension de Fr\u00e9d\u00e9ric Vignes, responsable CGT, accus\u00e9 de vol d&rsquo;une badgeuse, alors qu&rsquo;il l&rsquo;a enlev\u00e9e de mani\u00e8re symbolique lors d&rsquo;une action syndicale \u00e0 l&rsquo;h\u00f4pital d&rsquo;Aix-en-Provence. Une plainte au p\u00e9nal a \u00e9t\u00e9 d\u00e9pos\u00e9e par la direction. Une centaine de syndicalistes s&rsquo;est rassembl\u00e9e jeudi [&hellip;]<\/p>\n","protected":false},"author":1,"featured_media":0,"comment_status":"closed","ping_status":"open","sticky":false,"template":"","format":"standard","meta":{"footnotes":""},"categories":[8],"tags":[],"views":2517,"_links":{"self":[{"href":"http:\/\/www.cgt-hopital-manosque.fr\/index.php?rest_route=\/wp\/v2\/posts\/248"}],"collection":[{"href":"http:\/\/www.cgt-hopital-manosque.fr\/index.php?rest_route=\/wp\/v2\/posts"}],"about":[{"href":"http:\/\/www.cgt-hopital-manosque.fr\/index.php?rest_route=\/wp\/v2\/types\/post"}],"author":[{"embeddable":true,"href":"http:\/\/www.cgt-hopital-manosque.fr\/index.php?rest_route=\/wp\/v2\/users\/1"}],"replies":[{"embeddable":true,"href":"http:\/\/www.cgt-hopital-manosque.fr\/index.php?rest_route=%2Fwp%2Fv2%2Fcomments&post=248"}],"version-history":[{"count":2,"href":"http:\/\/www.cgt-hopital-manosque.fr\/index.php?rest_route=\/wp\/v2\/posts\/248\/revisions"}],"predecessor-version":[{"id":250,"href":"http:\/\/www.cgt-hopital-manosque.fr\/index.php?rest_route=\/wp\/v2\/posts\/248\/revisions\/250"}],"wp:attachment":[{"href":"http:\/\/www.cgt-hopital-manosque.fr\/index.php?rest_route=%2Fwp%2Fv2%2Fmedia&parent=248"}],"wp:term":[{"taxonomy":"category","embeddable":true,"href":"http:\/\/www.cgt-hopital-manosque.fr\/index.php?rest_route=%2Fwp%2Fv2%2Fcategories&post=248"},{"taxonomy":"post_tag","embeddable":true,"href":"http:\/\/www.cgt-hopital-manosque.fr\/index.php?rest_route=%2Fwp%2Fv2%2Ftags&post=248"}],"curies":[{"name":"wp","href":"https:\/\/api.w.org\/{rel}","templated":true}]}}