{"id":2481,"date":"2014-04-15T20:10:49","date_gmt":"2014-04-15T20:10:49","guid":{"rendered":"http:\/\/www.cgt-hopital-manosque.fr\/?p=2481"},"modified":"2015-01-25T12:51:40","modified_gmt":"2015-01-25T12:51:40","slug":"16-avril-2014-la-composition-du-nouveau-gouvernement-et-le-ministere-de-la-sante","status":"publish","type":"post","link":"http:\/\/www.cgt-hopital-manosque.fr\/?p=2481","title":{"rendered":"16 avril 2014 &#8211; La composition du nouveau gouvernement et le minist\u00e8re de la sant\u00e9"},"content":{"rendered":"<p style= \"text-align: justify;\">Le 2 avril, l\u2019\u00c9lys\u00e9e a annonc\u00e9 la composition du nouveau gouvernement. Qualifi\u00e9 de \u00ab resserr\u00e9 \u00bb, celui-ci voit la disparition d\u2019un minist\u00e8re de la Sant\u00e9 de plein exercice. <\/p>\n<p style= \"text-align: justify;\">Alors que de profondes mutations sont en cours depuis de nombreuses ann\u00e9es dans le secteur de la sant\u00e9 et de l\u2019action sociale, cette d\u00e9cision n\u2019augure rien de bon pour les usagers et les professionnels. <\/p>\n<p style= \"text-align: justify;\">De restrictions budg\u00e9taires en suppression d\u2019activit\u00e9 de services, d\u2019\u00e9tablissements, c\u2019est l\u2019accessibilit\u00e9 de chaque citoyen \u00e0 la sant\u00e9 qui est depuis trop longtemps remise en cause. <\/p>\n<p style= \"text-align: justify;\">Alors que dans les urnes, les Fran\u00e7aises et les Fran\u00e7ais ont clairement signifi\u00e9 leur volont\u00e9 d\u2019une autre politique notamment en mati\u00e8re sociale, la \u00ab disparition \u00bb du minist\u00e8re de la sant\u00e9 est un nouveau contre-pied aux attentes qui s\u2019expriment. <\/p>\n<p style= \"text-align: justify;\">Au-del\u00e0 du formalisme, il s\u2019agit bien, dans la p\u00e9riode, de mettre en \u0153uvre un nouveau projet pour une offre sanitaire et sociale accessible \u00e0 tous. <\/p>\n<p style= \"text-align: justify;\">La F\u00e9d\u00e9ration Sant\u00e9 Action Sociale CGT manifeste sa d\u00e9sapprobation et r\u00e9affirme son engagement pour un grand service public de la Sant\u00e9 et de l\u2019Action Sociale. <\/p>\n<p style= \"text-align: justify;\">La F\u00e9d\u00e9ration Sant\u00e9 Action Sociale CGT portera aupr\u00e8s du Minist\u00e8re des Affaires Sociales ses exigences en mati\u00e8re d\u2019offre sanitaire et sociale, pour une rupture avec les politiques d\u2019aust\u00e9rit\u00e9 et la mise en \u0153uvre d\u2019un grand projet de sant\u00e9 publique r\u00e9pondant aux besoins des populations. <\/p>\n","protected":false},"excerpt":{"rendered":"<p>Le 2 avril, l\u2019\u00c9lys\u00e9e a annonc\u00e9 la composition du nouveau gouvernement. Qualifi\u00e9 de \u00ab resserr\u00e9 \u00bb, celui-ci voit la disparition d\u2019un minist\u00e8re de la Sant\u00e9 de plein exercice. Alors que de profondes mutations sont en cours depuis de nombreuses ann\u00e9es dans le secteur de la sant\u00e9 et de l\u2019action sociale, cette d\u00e9cision n\u2019augure rien de [&hellip;]<\/p>\n","protected":false},"author":1,"featured_media":0,"comment_status":"closed","ping_status":"open","sticky":false,"template":"","format":"standard","meta":{"footnotes":""},"categories":[8],"tags":[],"views":2097,"_links":{"self":[{"href":"http:\/\/www.cgt-hopital-manosque.fr\/index.php?rest_route=\/wp\/v2\/posts\/2481"}],"collection":[{"href":"http:\/\/www.cgt-hopital-manosque.fr\/index.php?rest_route=\/wp\/v2\/posts"}],"about":[{"href":"http:\/\/www.cgt-hopital-manosque.fr\/index.php?rest_route=\/wp\/v2\/types\/post"}],"author":[{"embeddable":true,"href":"http:\/\/www.cgt-hopital-manosque.fr\/index.php?rest_route=\/wp\/v2\/users\/1"}],"replies":[{"embeddable":true,"href":"http:\/\/www.cgt-hopital-manosque.fr\/index.php?rest_route=%2Fwp%2Fv2%2Fcomments&post=2481"}],"version-history":[{"count":1,"href":"http:\/\/www.cgt-hopital-manosque.fr\/index.php?rest_route=\/wp\/v2\/posts\/2481\/revisions"}],"predecessor-version":[{"id":2482,"href":"http:\/\/www.cgt-hopital-manosque.fr\/index.php?rest_route=\/wp\/v2\/posts\/2481\/revisions\/2482"}],"wp:attachment":[{"href":"http:\/\/www.cgt-hopital-manosque.fr\/index.php?rest_route=%2Fwp%2Fv2%2Fmedia&parent=2481"}],"wp:term":[{"taxonomy":"category","embeddable":true,"href":"http:\/\/www.cgt-hopital-manosque.fr\/index.php?rest_route=%2Fwp%2Fv2%2Fcategories&post=2481"},{"taxonomy":"post_tag","embeddable":true,"href":"http:\/\/www.cgt-hopital-manosque.fr\/index.php?rest_route=%2Fwp%2Fv2%2Ftags&post=2481"}],"curies":[{"name":"wp","href":"https:\/\/api.w.org\/{rel}","templated":true}]}}