{"id":2501,"date":"2014-04-22T06:42:36","date_gmt":"2014-04-22T06:42:36","guid":{"rendered":"http:\/\/www.cgt-hopital-manosque.fr\/?p=2501"},"modified":"2015-01-25T12:51:40","modified_gmt":"2015-01-25T12:51:40","slug":"22-avril-2014-journee-daction-du-18-avril-la-colere-monte","status":"publish","type":"post","link":"http:\/\/www.cgt-hopital-manosque.fr\/?p=2501","title":{"rendered":"22 avril 2014 &#8211; Journ\u00e9e d\u2019action du 18 avril : la col\u00e8re monte"},"content":{"rendered":"<p><a href=\"http:\/\/www.cgt-hopital-manosque.fr\/wp-content\/uploads\/2014\/04\/395.-Journ\u00e9e-d\u2019action-du-18-avril-la-col\u00e8re-monte.jpg\"><img loading=\"lazy\" decoding=\"async\" src=\"http:\/\/www.cgt-hopital-manosque.fr\/wp-content\/uploads\/2014\/04\/395.-Journ\u00e9e-d\u2019action-du-18-avril-la-col\u00e8re-monte.jpg\" alt=\"\" width=\"644\" height=\"728\" class=\"aligncenter size-full wp-image-2502\" srcset=\"http:\/\/www.cgt-hopital-manosque.fr\/wp-content\/uploads\/2014\/04\/395.-Journ\u00e9e-d\u2019action-du-18-avril-la-col\u00e8re-monte.jpg 644w, http:\/\/www.cgt-hopital-manosque.fr\/wp-content\/uploads\/2014\/04\/395.-Journ\u00e9e-d\u2019action-du-18-avril-la-col\u00e8re-monte-265x300.jpg 265w\" sizes=\"(max-width: 644px) 100vw, 644px\" \/><\/a><\/p>\n<p style= \"text-align: justify;\">Face au silence m\u00e9prisant de la Direction, les personnels de toutes les cat\u00e9gories du centre hospitalier de Manosque et ses maisons de retraite ont fait entendre leur voix. <\/p>\n<p style= \"text-align: justify;\">Ils \u00e9taient 35 lors de la premi\u00e8re AG du 3 avril 2014, 65 lors de l&rsquo;AG du 11 avril et pr\u00e8s de 100 lors de l&rsquo;AG du 18 avril. La col\u00e8re monte. <\/p>\n<p style= \"text-align: justify;\">Une fois de plus, de nombreux salari\u00e9s ont fait \u00e9tat de leurs difficult\u00e9s croissantes \u00e0 r\u00e9pondre aux besoins d\u2019un service public hospitalier dont la d\u00e9gradation des conditions de travail s\u2019accentue. <\/p>\n<p style= \"text-align: justify;\">Les personnels sont lass\u00e9s du manque de reconnaissance, des menaces et des attaques contre leurs droits. Une soignante s&rsquo;est dit scandalis\u00e9e de toutes ces exp\u00e9rimentations au sein de la direction des ressources humaines : \u00ab\u00a0Nous ne sommes pas des cobayes!\u00a0\u00bb. <\/p>\n<p style= \"text-align: justify;\">Adjoint administratifs, secr\u00e9taires m\u00e9dicales, ASH, aides-soignantes, infirmi\u00e8res, ouvriers ont d\u00e9plor\u00e9 la rigidit\u00e9, le manque de dialogue et l&rsquo;autoritarisme ambiant qui engendre des mesures contre-productives marqu\u00e9es par l&rsquo;absence de bon sens.<br \/>\n\u00ab\u00a0Si l&rsquo;on voulait d\u00e9motiver tout le monde et nous emp\u00eacher de r\u00e9aliser notre travail correctement, on ne s&rsquo;y prendrait pas autrement\u00a0\u00bb.<\/p>\n<p style= \"text-align: justify;\">De nombreux slogans pouvaient retentir dans les discussions : \u00ab\u00a0des soignants incompris, ce sont des soins compromis\u00a0\u00bb&#8230; \u00ab\u00a0la bientraitance des patients commence par la bientraitance des soignants\u00a0\u00bb&#8230;<\/p>\n<p style= \"text-align: justify;\">Ignorer les salari\u00e9s revient \u00e0 se priver de leur expertise <\/p>\n<p style= \"text-align: justify;\">Imposer des mesures sans dialogue s\u2019accompagne de d\u00e9saccords l\u00e9gitimes<\/p>\n<p style= \"text-align: justify;\">Revoir sa copie pour r\u00e9tablir de bonnes conditions de travail devient une priorit\u00e9<\/p>\n","protected":false},"excerpt":{"rendered":"<p>Face au silence m\u00e9prisant de la Direction, les personnels de toutes les cat\u00e9gories du centre hospitalier de Manosque et ses maisons de retraite ont fait entendre leur voix. Ils \u00e9taient 35 lors de la premi\u00e8re AG du 3 avril 2014, 65 lors de l&rsquo;AG du 11 avril et pr\u00e8s de 100 lors de l&rsquo;AG du [&hellip;]<\/p>\n","protected":false},"author":1,"featured_media":0,"comment_status":"closed","ping_status":"open","sticky":false,"template":"","format":"standard","meta":{"footnotes":""},"categories":[7],"tags":[],"views":2640,"_links":{"self":[{"href":"http:\/\/www.cgt-hopital-manosque.fr\/index.php?rest_route=\/wp\/v2\/posts\/2501"}],"collection":[{"href":"http:\/\/www.cgt-hopital-manosque.fr\/index.php?rest_route=\/wp\/v2\/posts"}],"about":[{"href":"http:\/\/www.cgt-hopital-manosque.fr\/index.php?rest_route=\/wp\/v2\/types\/post"}],"author":[{"embeddable":true,"href":"http:\/\/www.cgt-hopital-manosque.fr\/index.php?rest_route=\/wp\/v2\/users\/1"}],"replies":[{"embeddable":true,"href":"http:\/\/www.cgt-hopital-manosque.fr\/index.php?rest_route=%2Fwp%2Fv2%2Fcomments&post=2501"}],"version-history":[{"count":4,"href":"http:\/\/www.cgt-hopital-manosque.fr\/index.php?rest_route=\/wp\/v2\/posts\/2501\/revisions"}],"predecessor-version":[{"id":2506,"href":"http:\/\/www.cgt-hopital-manosque.fr\/index.php?rest_route=\/wp\/v2\/posts\/2501\/revisions\/2506"}],"wp:attachment":[{"href":"http:\/\/www.cgt-hopital-manosque.fr\/index.php?rest_route=%2Fwp%2Fv2%2Fmedia&parent=2501"}],"wp:term":[{"taxonomy":"category","embeddable":true,"href":"http:\/\/www.cgt-hopital-manosque.fr\/index.php?rest_route=%2Fwp%2Fv2%2Fcategories&post=2501"},{"taxonomy":"post_tag","embeddable":true,"href":"http:\/\/www.cgt-hopital-manosque.fr\/index.php?rest_route=%2Fwp%2Fv2%2Ftags&post=2501"}],"curies":[{"name":"wp","href":"https:\/\/api.w.org\/{rel}","templated":true}]}}