{"id":251,"date":"2012-05-07T17:50:40","date_gmt":"2012-05-07T17:50:40","guid":{"rendered":"http:\/\/www.cgt-hopital-manosque.fr\/?p=251"},"modified":"2012-05-07T20:50:33","modified_gmt":"2012-05-07T20:50:33","slug":"6-mai-2012-francois-hollande-elu-president-normal","status":"publish","type":"post","link":"http:\/\/www.cgt-hopital-manosque.fr\/?p=251","title":{"rendered":"6 mai 2012 &#8211; Fran\u00e7ois Hollande \u00e9lu pr\u00e9sident&#8230;normal !"},"content":{"rendered":"<p style= \"text-align: justify;\">Durant son quinquennat, Nicolas Sarkozy n&rsquo;a eu de cesse de porter des attaques contre la fonction publique et notamment la fonction publique hospitali\u00e8re. On peut lui reprocher de nombreuses choses mais la coh\u00e9rence et la d\u00e9termination avec lesquelles il s&rsquo;est attaqu\u00e9 \u00ab\u00a0matin, midi et soir\u00a0\u00bb aux services publics, on ne pourra pas lui enlever.<\/p>\n<p style= \"text-align: justify;\">Non-remplacement d\u2019un fonctionnaire sur deux partant \u00e0 la retraite, r\u00e9ductions budg\u00e9taires, gel des salaires, la mise en place des ARS (agences r\u00e9gionales de la sant\u00e9) et de leurs mesures d\u00e9sastreuses  (communaut\u00e9 hospitali\u00e8re de territoire et plan r\u00e9gional de sant\u00e9), r\u00e9forme de r\u00e9gimes de retraite, privatisation de secteurs publics, mise en \u0153uvre de la R\u00e9vision g\u00e9n\u00e9rale des politique publique (RGPP)&#8230;<\/p>\n<p style= \"text-align: justify;\">Ce n&rsquo;est pas un hasard si, selon la plupart des \u00e9tudes men\u00e9es, les personnels hospitaliers rejettent massivement le Pr\u00e9sident de la R\u00e9publique, parlant m\u00eame d&rsquo; \u00ab\u00a0antisarkozisme\u00a0\u00bb \u00e9vident et majoritaire.<\/p>\n<p style= \"text-align: justify;\">Ainsi, Fran\u00e7ois Hollande atteint, sans surprise, la plus haute marche du pouvoir. Nous sommes tr\u00e8s satisfaits de ce r\u00e9sultat mais notre joie reste toutefois mesur\u00e9e. En effet, depuis quelques ann\u00e9es, et notamment depuis la loi \u00ab\u00a0Bachelot\u00a0\u00bb de 2009, nous sommes rentr\u00e9s dans une logique o\u00f9 le ma\u00eetre-mot n&rsquo;est plus la sant\u00e9 mais la rentabilit\u00e9. Les patients et les soignants en sont les premi\u00e8res victimes. C&rsquo;est pour cela que nous devons rester tr\u00e8s vigilants et tr\u00e8s revendicatifs sur les questions relatives \u00e0 notre syst\u00e8me de sant\u00e9 et notre h\u00f4pital en particulier. Et le manque d&rsquo;int\u00e9r\u00eat des diff\u00e9rents candidats pour les questions de sant\u00e9 lors cette \u00e9lection n&rsquo;est pas sans nous inqui\u00e9ter. La sant\u00e9 doit \u00eatre un sujet prioritaire.<\/p>\n<p style= \"text-align: justify;\">Il faut que le nouveau pr\u00e9sident, loin des caricatures de statut particulier et avantageux, comprenne bien que  l&rsquo;h\u00f4pital est malade, et que son personnel en souffre terriblement. Le milieu hospitalier est un milieu difficile o\u00f9 les conditions de travail se d\u00e9gradent, le stress augmente en permanence et les salaires sont consternants.<\/p>\n<p style= \"text-align: justify;\">Luttons tous ensemble ! Maintenons la pression sur les pouvoirs publics ! Refusons l&rsquo;h\u00f4pital &#8211; usine ! D\u00e9fendons nos droits ! Et, d\u00e9fendons la qualit\u00e9 des soins apport\u00e9s au patient !<\/p>\n","protected":false},"excerpt":{"rendered":"<p>Durant son quinquennat, Nicolas Sarkozy n&rsquo;a eu de cesse de porter des attaques contre la fonction publique et notamment la fonction publique hospitali\u00e8re. On peut lui reprocher de nombreuses choses mais la coh\u00e9rence et la d\u00e9termination avec lesquelles il s&rsquo;est attaqu\u00e9 \u00ab\u00a0matin, midi et soir\u00a0\u00bb aux services publics, on ne pourra pas lui enlever. Non-remplacement [&hellip;]<\/p>\n","protected":false},"author":1,"featured_media":0,"comment_status":"closed","ping_status":"open","sticky":false,"template":"","format":"standard","meta":{"footnotes":""},"categories":[8],"tags":[],"views":2000,"_links":{"self":[{"href":"http:\/\/www.cgt-hopital-manosque.fr\/index.php?rest_route=\/wp\/v2\/posts\/251"}],"collection":[{"href":"http:\/\/www.cgt-hopital-manosque.fr\/index.php?rest_route=\/wp\/v2\/posts"}],"about":[{"href":"http:\/\/www.cgt-hopital-manosque.fr\/index.php?rest_route=\/wp\/v2\/types\/post"}],"author":[{"embeddable":true,"href":"http:\/\/www.cgt-hopital-manosque.fr\/index.php?rest_route=\/wp\/v2\/users\/1"}],"replies":[{"embeddable":true,"href":"http:\/\/www.cgt-hopital-manosque.fr\/index.php?rest_route=%2Fwp%2Fv2%2Fcomments&post=251"}],"version-history":[{"count":4,"href":"http:\/\/www.cgt-hopital-manosque.fr\/index.php?rest_route=\/wp\/v2\/posts\/251\/revisions"}],"predecessor-version":[{"id":269,"href":"http:\/\/www.cgt-hopital-manosque.fr\/index.php?rest_route=\/wp\/v2\/posts\/251\/revisions\/269"}],"wp:attachment":[{"href":"http:\/\/www.cgt-hopital-manosque.fr\/index.php?rest_route=%2Fwp%2Fv2%2Fmedia&parent=251"}],"wp:term":[{"taxonomy":"category","embeddable":true,"href":"http:\/\/www.cgt-hopital-manosque.fr\/index.php?rest_route=%2Fwp%2Fv2%2Fcategories&post=251"},{"taxonomy":"post_tag","embeddable":true,"href":"http:\/\/www.cgt-hopital-manosque.fr\/index.php?rest_route=%2Fwp%2Fv2%2Ftags&post=251"}],"curies":[{"name":"wp","href":"https:\/\/api.w.org\/{rel}","templated":true}]}}