{"id":2520,"date":"2014-04-26T08:50:52","date_gmt":"2014-04-26T08:50:52","guid":{"rendered":"http:\/\/www.cgt-hopital-manosque.fr\/?p=2520"},"modified":"2015-01-25T12:51:40","modified_gmt":"2015-01-25T12:51:40","slug":"26-avril-2014-rassemblement-et-manifestation-le-1er-mai-2014","status":"publish","type":"post","link":"http:\/\/www.cgt-hopital-manosque.fr\/?p=2520","title":{"rendered":"26 avril 2014 &#8211; Rassemblement et Manifestation le 1er MAI"},"content":{"rendered":"<p><a href=\"http:\/\/www.cgt-hopital-manosque.fr\/wp-content\/uploads\/2014\/04\/398.-Pour-article-sur-le-1er-mai-2014.jpg\"><img loading=\"lazy\" decoding=\"async\" src=\"http:\/\/www.cgt-hopital-manosque.fr\/wp-content\/uploads\/2014\/04\/398.-Pour-article-sur-le-1er-mai-2014.jpg\" alt=\"\" width=\"669\" height=\"402\" class=\"aligncenter size-full wp-image-2521\" srcset=\"http:\/\/www.cgt-hopital-manosque.fr\/wp-content\/uploads\/2014\/04\/398.-Pour-article-sur-le-1er-mai-2014.jpg 669w, http:\/\/www.cgt-hopital-manosque.fr\/wp-content\/uploads\/2014\/04\/398.-Pour-article-sur-le-1er-mai-2014-300x180.jpg 300w\" sizes=\"(max-width: 669px) 100vw, 669px\" \/><\/a><\/p>\n<p style= \"text-align: justify;\">Bonjour \u00e0 tous, <\/p>\n<p style= \"text-align: justify;\">Rassemblement et Manifestation 1er MAI 2014 <\/p>\n<p style= \"text-align: justify;\"> <strong>Manosque 10 H 00<\/strong><br \/>\nPlace Marcel Pagnol<\/p>\n<p style= \"text-align: justify;\"> <strong>Digne 10 H 30 <\/strong><br \/>\nPlace G\u00e9n\u00e9ral de Gaulle<\/p>\n<p style= \"text-align: justify;\"> <strong>Ch\u00e2teau Arnoux 11 H 00 <\/strong><br \/>\n11 h 00 la st\u00e8le au bas de l\u2019avenue Alsace Lorraine \u00e0 St Auban. <\/p>\n<p style= \"text-align: justify;\">\u00c0 cette occasion une gerbe sera d\u00e9pos\u00e9e en m\u00e9moire aux salari\u00e9s d\u00e9c\u00e9d\u00e9s des suites de leur exposition \u00e0 des produits hautement canc\u00e9rig\u00e8nes. <\/p>\n<p style= \"text-align: justify;\"> <strong>Et apr\u00e8s Tous \u00e0 sainte tulle (il faut s\u2019inscrire) <\/strong><\/p>\n<p style= \"text-align: justify;\">La commission ex\u00e9cutive des UL de Sainte Tulle et de Manosque qui s\u2019est r\u00e9unie lundi soir 14 avril \u00e0 l\u2019UL de Manosque a pris quelques d\u00e9cisions en ce qui concerne l\u2019organisation du 1er mai 2014. <\/p>\n<p style= \"text-align: justify;\">Pour rester en conformit\u00e9 avec les d\u00e9cisions de la CE de l\u2019UD d\u00e9cidant que chaque UL du d\u00e9partement organiserait son rassemblement, notre regroupement se fera donc devant l\u2019UL de Manosque (ou sur la petite place du conservatoire juste derri\u00e8re) le jeudi 1er mai \u00e0 partir de 10h jusqu\u2019\u00e0 ~11h30. <\/p>\n<p style= \"text-align: justify;\">Ce rassemblement sera ponctu\u00e9, outre de notre discours revendicatif, de musique et du service de quelques rafra\u00eechissements sur une table install\u00e9e \u00e0 cet effet, tout cela dans un esprit de convivialit\u00e9. <\/p>\n<p style= \"text-align: justify;\">Ensuite, et \u00e0 partir de ~ 11h30 \/ 12h00, un rassemblement d\u00e9partemental (plus festif celui-l\u00e0) sera organis\u00e9 \u00e0 c\u00f4t\u00e9 (ou dans suivant le temps) la salle Gaston VACHIER de Sainte Tulle. <\/p>\n<p style= \"text-align: justify;\">Un buffet champ\u00eatre attendra les camarades militants du d\u00e9partement. <\/p>\n<p style= \"text-align: justify;\">Sympathie syndicale \u00e0 tous<\/p>\n<p style= \"text-align: justify;\"> <strong>Pour consulter le tract pour le 1er mai de l&rsquo;UGICT, <a href=\"http:\/\/www.cgt-hopital-manosque.fr\/wp-content\/uploads\/2014\/04\/398.-Pour-article-sur-le-1er-mai-2014.pdf\">CLIQUER ICI<\/a> <\/strong> <\/p>\n","protected":false},"excerpt":{"rendered":"<p>Bonjour \u00e0 tous, Rassemblement et Manifestation 1er MAI 2014 Manosque 10 H 00 Place Marcel Pagnol Digne 10 H 30 Place G\u00e9n\u00e9ral de Gaulle Ch\u00e2teau Arnoux 11 H 00 11 h 00 la st\u00e8le au bas de l\u2019avenue Alsace Lorraine \u00e0 St Auban. \u00c0 cette occasion une gerbe sera d\u00e9pos\u00e9e en m\u00e9moire aux salari\u00e9s d\u00e9c\u00e9d\u00e9s [&hellip;]<\/p>\n","protected":false},"author":1,"featured_media":0,"comment_status":"closed","ping_status":"open","sticky":false,"template":"","format":"standard","meta":{"footnotes":""},"categories":[7],"tags":[],"views":5465,"_links":{"self":[{"href":"http:\/\/www.cgt-hopital-manosque.fr\/index.php?rest_route=\/wp\/v2\/posts\/2520"}],"collection":[{"href":"http:\/\/www.cgt-hopital-manosque.fr\/index.php?rest_route=\/wp\/v2\/posts"}],"about":[{"href":"http:\/\/www.cgt-hopital-manosque.fr\/index.php?rest_route=\/wp\/v2\/types\/post"}],"author":[{"embeddable":true,"href":"http:\/\/www.cgt-hopital-manosque.fr\/index.php?rest_route=\/wp\/v2\/users\/1"}],"replies":[{"embeddable":true,"href":"http:\/\/www.cgt-hopital-manosque.fr\/index.php?rest_route=%2Fwp%2Fv2%2Fcomments&post=2520"}],"version-history":[{"count":5,"href":"http:\/\/www.cgt-hopital-manosque.fr\/index.php?rest_route=\/wp\/v2\/posts\/2520\/revisions"}],"predecessor-version":[{"id":2527,"href":"http:\/\/www.cgt-hopital-manosque.fr\/index.php?rest_route=\/wp\/v2\/posts\/2520\/revisions\/2527"}],"wp:attachment":[{"href":"http:\/\/www.cgt-hopital-manosque.fr\/index.php?rest_route=%2Fwp%2Fv2%2Fmedia&parent=2520"}],"wp:term":[{"taxonomy":"category","embeddable":true,"href":"http:\/\/www.cgt-hopital-manosque.fr\/index.php?rest_route=%2Fwp%2Fv2%2Fcategories&post=2520"},{"taxonomy":"post_tag","embeddable":true,"href":"http:\/\/www.cgt-hopital-manosque.fr\/index.php?rest_route=%2Fwp%2Fv2%2Ftags&post=2520"}],"curies":[{"name":"wp","href":"https:\/\/api.w.org\/{rel}","templated":true}]}}