{"id":2528,"date":"2014-04-27T13:19:02","date_gmt":"2014-04-27T13:19:02","guid":{"rendered":"http:\/\/www.cgt-hopital-manosque.fr\/?p=2528"},"modified":"2015-02-01T18:33:15","modified_gmt":"2015-02-01T18:33:15","slug":"27-avril-2014-de-nouvelles-formes-daction-mais-toujours-la-meme-determination","status":"publish","type":"post","link":"http:\/\/www.cgt-hopital-manosque.fr\/?p=2528","title":{"rendered":"27 avril 2014 &#8211; De nouvelles formes d&rsquo;action mais toujours la m\u00eame d\u00e9termination"},"content":{"rendered":"<p><a href=\"http:\/\/www.cgt-hopital-manosque.fr\/wp-content\/uploads\/2014\/04\/399.-De-nouvelles-formes-daction-mais-toujours-la-m\u00eame-d\u00e9termination.jpg\"><img loading=\"lazy\" decoding=\"async\" src=\"http:\/\/www.cgt-hopital-manosque.fr\/wp-content\/uploads\/2014\/04\/399.-De-nouvelles-formes-daction-mais-toujours-la-m\u00eame-d\u00e9termination.jpg\" alt=\"\" width=\"1464\" height=\"976\" class=\"aligncenter size-full wp-image-2529\" srcset=\"http:\/\/www.cgt-hopital-manosque.fr\/wp-content\/uploads\/2014\/04\/399.-De-nouvelles-formes-daction-mais-toujours-la-m\u00eame-d\u00e9termination.jpg 1464w, http:\/\/www.cgt-hopital-manosque.fr\/wp-content\/uploads\/2014\/04\/399.-De-nouvelles-formes-daction-mais-toujours-la-m\u00eame-d\u00e9termination-300x200.jpg 300w, http:\/\/www.cgt-hopital-manosque.fr\/wp-content\/uploads\/2014\/04\/399.-De-nouvelles-formes-daction-mais-toujours-la-m\u00eame-d\u00e9termination-1024x682.jpg 1024w\" sizes=\"(max-width: 1464px) 100vw, 1464px\" \/><\/a><\/p>\n<p style= \"text-align: justify;\">Une centaine de personnes \u00e9taient encore rassembl\u00e9es ce vendredi dans le hall de l&rsquo;h\u00f4pital de Manosque dans le cadre des vendredis de la col\u00e8re. <\/p>\n<p style= \"text-align: justify;\">Une d\u00e9l\u00e9gation de la CGT interpro 04, r\u00e9unie en congr\u00e8s d\u00e9partemental, est venue soutenir l&rsquo;action des salari\u00e9s de l&rsquo;h\u00f4pital. <\/p>\n<p style= \"text-align: justify;\">Dans une ambiance conviviale mais d\u00e9termin\u00e9e, les salari\u00e9s ont d\u00e9cid\u00e9 de suspendre le mouvement des d\u00e9brayages des \u00ab\u00a0vendredis de la col\u00e8re\u00a0\u00bb, mais ont d\u00e9cid\u00e9 de constituer une d\u00e9l\u00e9gation, pour rencontrer la DRH, le Pr\u00e9sident du Conseil de Surveillance (Le Maire) et la Direction Territoriale de l&rsquo;ARS (Agence r\u00e9gionale de Sant\u00e9). <\/p>\n<p style= \"text-align: justify;\">Un des membres de la d\u00e9l\u00e9gation syndicale du congr\u00e8s d\u00e9partemental a rappel\u00e9 l&rsquo;importance qu&rsquo;accorde la CGT \u00e0 l&rsquo;unit\u00e9 syndicale et a soulign\u00e9 le travail remarquable de la CGT de l&rsquo;h\u00f4pital de Manosque. <\/p>\n<p style= \"text-align: justify;\">Elsa Mougin, secr\u00e9taire conf\u00e9d\u00e9rale est intervenue pour d\u00e9noncer la d\u00e9gradation des conditions de travail. Elle a d\u00e9plor\u00e9 que pour la deuxi\u00e8me semaine cons\u00e9cutive la direction de l\u2019h\u00f4pital fasse le choix de ne pas recevoir la CGT sur ses revendications (refus de reconduction de temps partiels \u00e0 80% et entretiens agressifs). La mobilisation a pay\u00e9, les lignes ont boug\u00e9, 4 revendications sur 6 ont \u00e9t\u00e9 obtenues. Le choix des salari\u00e9s de durcir l\u2019action a \u00e9t\u00e9 entendue par la CGT qui sera force de propositions dans les instances. Elle a expliqu\u00e9 l&rsquo;int\u00e9r\u00eat de constituer une d\u00e9l\u00e9gation et d&rsquo;adapter notre strat\u00e9gie au silence m\u00e9prisant de la direction. Comme \u00e0 son habitude la CGT mettra tous les moyens n\u00e9cessaires pour qu\u2019aboutissent les revendications l\u00e9gitimes des salari\u00e9s. <\/p>\n<p style= \"text-align: justify;\">Pour info : La CGT a donn\u00e9 une interview \u00e0 la radio Fr\u00e9quence Mistral sur les vendredis de la col\u00e8re et plus pr\u00e9cis\u00e9ment sur l&rsquo;abolition du 1\/4 de point. Elle sera diffus\u00e9e Lundi 28 avril a 10h00.<br \/>\nBonne \u00e9coute a tous <\/p>\n","protected":false},"excerpt":{"rendered":"<p>Une centaine de personnes \u00e9taient encore rassembl\u00e9es ce vendredi dans le hall de l&rsquo;h\u00f4pital de Manosque dans le cadre des vendredis de la col\u00e8re. Une d\u00e9l\u00e9gation de la CGT interpro 04, r\u00e9unie en congr\u00e8s d\u00e9partemental, est venue soutenir l&rsquo;action des salari\u00e9s de l&rsquo;h\u00f4pital. Dans une ambiance conviviale mais d\u00e9termin\u00e9e, les salari\u00e9s ont d\u00e9cid\u00e9 de suspendre [&hellip;]<\/p>\n","protected":false},"author":1,"featured_media":0,"comment_status":"closed","ping_status":"open","sticky":false,"template":"","format":"standard","meta":{"footnotes":""},"categories":[7],"tags":[],"views":264669,"_links":{"self":[{"href":"http:\/\/www.cgt-hopital-manosque.fr\/index.php?rest_route=\/wp\/v2\/posts\/2528"}],"collection":[{"href":"http:\/\/www.cgt-hopital-manosque.fr\/index.php?rest_route=\/wp\/v2\/posts"}],"about":[{"href":"http:\/\/www.cgt-hopital-manosque.fr\/index.php?rest_route=\/wp\/v2\/types\/post"}],"author":[{"embeddable":true,"href":"http:\/\/www.cgt-hopital-manosque.fr\/index.php?rest_route=\/wp\/v2\/users\/1"}],"replies":[{"embeddable":true,"href":"http:\/\/www.cgt-hopital-manosque.fr\/index.php?rest_route=%2Fwp%2Fv2%2Fcomments&post=2528"}],"version-history":[{"count":4,"href":"http:\/\/www.cgt-hopital-manosque.fr\/index.php?rest_route=\/wp\/v2\/posts\/2528\/revisions"}],"predecessor-version":[{"id":2533,"href":"http:\/\/www.cgt-hopital-manosque.fr\/index.php?rest_route=\/wp\/v2\/posts\/2528\/revisions\/2533"}],"wp:attachment":[{"href":"http:\/\/www.cgt-hopital-manosque.fr\/index.php?rest_route=%2Fwp%2Fv2%2Fmedia&parent=2528"}],"wp:term":[{"taxonomy":"category","embeddable":true,"href":"http:\/\/www.cgt-hopital-manosque.fr\/index.php?rest_route=%2Fwp%2Fv2%2Fcategories&post=2528"},{"taxonomy":"post_tag","embeddable":true,"href":"http:\/\/www.cgt-hopital-manosque.fr\/index.php?rest_route=%2Fwp%2Fv2%2Ftags&post=2528"}],"curies":[{"name":"wp","href":"https:\/\/api.w.org\/{rel}","templated":true}]}}