{"id":2540,"date":"2014-05-01T08:55:07","date_gmt":"2014-05-01T08:55:07","guid":{"rendered":"http:\/\/www.cgt-hopital-manosque.fr\/?p=2540"},"modified":"2015-02-01T17:55:53","modified_gmt":"2015-02-01T17:55:53","slug":"1er-mai-2014-lordre-national-infirmier-desavoue-par-ses-propres-adherents","status":"publish","type":"post","link":"http:\/\/www.cgt-hopital-manosque.fr\/?p=2540","title":{"rendered":"1er mai 2014 &#8211; L&rsquo;ordre national infirmier d\u00e9savou\u00e9 par ses propres adh\u00e9rents !"},"content":{"rendered":"<p style= \"text-align: justify;\">Apr\u00e8s 6 ans de quasi harc\u00e8lement envers la profession infirmi\u00e8re pour forcer \u00e0 l\u2019adh\u00e9sion, l\u2019ONI a fait face \u00e0 un taux record d\u2019abstention lors des derni\u00e8res \u00e9lections des conseillers d\u00e9partementaux du mois d\u2019avril dernier. C\u2019est un \u00e9ni\u00e8me d\u00e9saveu de la profession, pire encore, m\u00eame les adh\u00e9rents ne se d\u00e9placent plus pour voter ! <\/p>\n<p style= \"text-align: justify;\"> <strong>R\u00e9tablissons la v\u00e9rit\u00e9 des participations et du taux d\u2019abstention <\/strong><\/p>\n<p style= \"text-align: justify;\">Lors des derni\u00e8res \u00e9lections de 2008, un total de 498 020 Infimier-\u00e8res Diplom\u00e9-es d\u2019 Etat (inscrit-es au fichier ADELI) ont \u00e9t\u00e9 appel\u00e9-es \u00e0 voter. Le taux d\u2019abstention avait d\u00e9j\u00e0 d\u00e9montr\u00e9 \u00e0 l\u2019\u00e9poque un refus de cet Ordre, la participation n\u2019ayant \u00e9t\u00e9 que de 13%, ce qui correspond \u00e0 68 370 infirmi\u00e8r-es. <\/p>\n<p style= \"text-align: justify;\">En 2014, sur un total de 595 594 IDE (recensement de la DRESS), c\u2019est seulement 29 547 infirmier-es qui ont vot\u00e9 cette fois-ci, soit moins de 5% de la profession infirmi\u00e8re (voir tableau comparatif en annexe) <\/p>\n<p style= \"text-align: justify;\">La CGT avec d\u2019autres organisations a appel\u00e9 au boycott de ces \u00e9lections ordinales d\u00e9partementales, et continue sa campagne contre l\u2019adh\u00e9sion. Les r\u00e9sultats confirment notre position et les salari\u00e9-es nous soutiennent dans ces d\u00e9marches. <\/p>\n<p style= \"text-align: justify;\"> <strong>Nous nous f\u00e9licitons du peu d\u2019int\u00e9r\u00eat manifest\u00e9 par les professionnels ordin\u00e9s envers leur propre Ordre ! <\/strong><\/p>\n<p style= \"text-align: justify;\">Cela d\u00e9montre que beaucoup d\u2019entre eux ont \u00e9t\u00e9 contraints et forc\u00e9s d\u2019adh\u00e9rer. Ces \u00e9lections nous prouvent que l\u2019Ordre n\u2019est pas repr\u00e9sentatif de la profession. De surcro\u00eet, dans certains d\u00e9partements, il n\u2019y a pas eu de candidat dans certains coll\u00e8ges, et dans une immense majorit\u00e9 de d\u00e9partements, il suffisait d\u2019\u00eatre candidat pour \u00eatre \u00e9lu-e. <\/p>\n<p style= \"text-align: justify;\">L\u2019intersyndicale attend avec empressement la suppression de l\u2019ordre IDE comme celle des autres Ordres, ainsi que le red\u00e9ploiement de ses missions vers les services de l\u2019\u00c9tat. La farce a assez dur\u00e9 ! Il faut s\u2019atteler \u00e0 proposer une loi de suppression des Ordres param\u00e9dicaux qui d\u00e9sengage les infirmier-es qui se sont inscrit-es sous la menace de leur direction ou face aux injonctions de l\u2019ONI. <\/p>\n<p style= \"text-align: justify;\">Il faut r\u00e9affecter les salari\u00e9-es des Ordres au sein des Agences R\u00e9gionales de Sant\u00e9 pour des missions qui viennent en aide aux infirmier-es, aux masseurs-kin\u00e9sith\u00e9rapeutes et aux p\u00e9dicures-podologues. <\/p>\n<p style= \"text-align: justify;\"> <strong>Plus que jamais, la CGT aux cot\u00e9s des salari\u00e9-es, reste mobilis\u00e9e pour la suppression des Ordres param\u00e9dicaux. <\/strong><\/p>\n<p><a href=\"http:\/\/www.cgt-hopital-manosque.fr\/wp-content\/uploads\/2014\/05\/402.-ONI-25-avril-2014.jpg\"><img loading=\"lazy\" decoding=\"async\" src=\"http:\/\/www.cgt-hopital-manosque.fr\/wp-content\/uploads\/2014\/05\/402.-ONI-25-avril-2014.jpg\" alt=\"\" width=\"973\" height=\"386\" class=\"aligncenter size-full wp-image-2541\" srcset=\"http:\/\/www.cgt-hopital-manosque.fr\/wp-content\/uploads\/2014\/05\/402.-ONI-25-avril-2014.jpg 973w, http:\/\/www.cgt-hopital-manosque.fr\/wp-content\/uploads\/2014\/05\/402.-ONI-25-avril-2014-300x119.jpg 300w\" sizes=\"(max-width: 973px) 100vw, 973px\" \/><\/a><\/p>\n","protected":false},"excerpt":{"rendered":"<p>Apr\u00e8s 6 ans de quasi harc\u00e8lement envers la profession infirmi\u00e8re pour forcer \u00e0 l\u2019adh\u00e9sion, l\u2019ONI a fait face \u00e0 un taux record d\u2019abstention lors des derni\u00e8res \u00e9lections des conseillers d\u00e9partementaux du mois d\u2019avril dernier. C\u2019est un \u00e9ni\u00e8me d\u00e9saveu de la profession, pire encore, m\u00eame les adh\u00e9rents ne se d\u00e9placent plus pour voter ! R\u00e9tablissons la [&hellip;]<\/p>\n","protected":false},"author":1,"featured_media":0,"comment_status":"closed","ping_status":"closed","sticky":false,"template":"","format":"standard","meta":{"footnotes":""},"categories":[8],"tags":[],"views":230600,"_links":{"self":[{"href":"http:\/\/www.cgt-hopital-manosque.fr\/index.php?rest_route=\/wp\/v2\/posts\/2540"}],"collection":[{"href":"http:\/\/www.cgt-hopital-manosque.fr\/index.php?rest_route=\/wp\/v2\/posts"}],"about":[{"href":"http:\/\/www.cgt-hopital-manosque.fr\/index.php?rest_route=\/wp\/v2\/types\/post"}],"author":[{"embeddable":true,"href":"http:\/\/www.cgt-hopital-manosque.fr\/index.php?rest_route=\/wp\/v2\/users\/1"}],"replies":[{"embeddable":true,"href":"http:\/\/www.cgt-hopital-manosque.fr\/index.php?rest_route=%2Fwp%2Fv2%2Fcomments&post=2540"}],"version-history":[{"count":3,"href":"http:\/\/www.cgt-hopital-manosque.fr\/index.php?rest_route=\/wp\/v2\/posts\/2540\/revisions"}],"predecessor-version":[{"id":2544,"href":"http:\/\/www.cgt-hopital-manosque.fr\/index.php?rest_route=\/wp\/v2\/posts\/2540\/revisions\/2544"}],"wp:attachment":[{"href":"http:\/\/www.cgt-hopital-manosque.fr\/index.php?rest_route=%2Fwp%2Fv2%2Fmedia&parent=2540"}],"wp:term":[{"taxonomy":"category","embeddable":true,"href":"http:\/\/www.cgt-hopital-manosque.fr\/index.php?rest_route=%2Fwp%2Fv2%2Fcategories&post=2540"},{"taxonomy":"post_tag","embeddable":true,"href":"http:\/\/www.cgt-hopital-manosque.fr\/index.php?rest_route=%2Fwp%2Fv2%2Ftags&post=2540"}],"curies":[{"name":"wp","href":"https:\/\/api.w.org\/{rel}","templated":true}]}}