{"id":2551,"date":"2014-05-05T20:23:12","date_gmt":"2014-05-05T20:23:12","guid":{"rendered":"http:\/\/www.cgt-hopital-manosque.fr\/?p=2551"},"modified":"2015-02-01T18:33:15","modified_gmt":"2015-02-01T18:33:15","slug":"6-mai-2014-journee-daction-nationale-du-15-mai","status":"publish","type":"post","link":"http:\/\/www.cgt-hopital-manosque.fr\/?p=2551","title":{"rendered":"6 mai 2014 &#8211; Journ\u00e9e d&rsquo;action nationale du 15 mai"},"content":{"rendered":"<p style= \"text-align: justify;\">LE 15 MAI PROCHAIN, JOURN\u00c9E D\u2019ACTION INTERSYNDICALE DANS LA FONCTION PUBLIQUE, SERA L\u2019OCCASION DE D\u00c9MONTRER EN FAISANT GR\u00c8VE ET EN MANIFESTANT QUE NOUS VOULONS QUE D\u2019AUTRES CHOIX QUE CEUX DU LIB\u00c9RALISME SOIENT OP\u00c9R\u00c9S DANS NOTRE PAYS. <\/p>\n<p style= \"text-align: justify;\">LE 15 MAI JOURN\u00c9E D\u2019ACTION DES SALARI\u00c9-E-S DU SECTEUR DE LA SANT\u00c9 ET DE L\u2019ACTION SOCIALE PUBLIQUE ET PRIV\u00c9E SERA L\u2019OCCASION D\u2019EXIGER : <\/p>\n<p style= \"text-align: justify;\">\n\u2022 L\u2019augmentation des salaires dans le public et le priv\u00e9,<br \/>\n\u2022 La reconnaissance des qualifications et des d\u00e9roulements de carri\u00e8re lin\u00e9aires,<br \/>\n\u2022 Des embauches dans nos secteurs et de mettre fin \u00e0 toutes les formes de pr\u00e9carit\u00e9s.<br \/>\n\u2022 D\u2019obtenir des garanties collectives et donc la d\u00e9fense et l&rsquo;am\u00e9lioration du statut et des conventions collectives<br \/>\n\u2022 De retrouver la dignit\u00e9 dans notre travail, ce qui passe par l\u2019am\u00e9lioration de nos conditions de travail et des conditions d&rsquo;accueil des patients et r\u00e9sidents.<br \/>\n\u2022 La r\u00e9elle reconnaissance de la p\u00e9nibilit\u00e9 et la possibilit\u00e9 de d\u00e9part \u00e0 la retraite anticip\u00e9 pour nos professions.<br \/>\n\u2022 Des financements \u00e0 la hauteur des besoins de nos services et \u00e9tablissements, pour un service public de sant\u00e9 et d\u2019action sociale<br \/>\n\u2022L&rsquo;abrogation de la loi HPST. <\/p>\n<p style= \"text-align: justify;\">Pour consulter ou t\u00e9l\u00e9charger le tract complet de la F\u00e9d\u00e9ration,  <strong><a href=\"http:\/\/www.cgt-hopital-manosque.fr\/wp-content\/uploads\/2014\/05\/405.-Tract-FD-pour-le-15-mai.pdf\">CLIQUER ICI<\/a><\/strong><\/p>\n","protected":false},"excerpt":{"rendered":"<p>LE 15 MAI PROCHAIN, JOURN\u00c9E D\u2019ACTION INTERSYNDICALE DANS LA FONCTION PUBLIQUE, SERA L\u2019OCCASION DE D\u00c9MONTRER EN FAISANT GR\u00c8VE ET EN MANIFESTANT QUE NOUS VOULONS QUE D\u2019AUTRES CHOIX QUE CEUX DU LIB\u00c9RALISME SOIENT OP\u00c9R\u00c9S DANS NOTRE PAYS. LE 15 MAI JOURN\u00c9E D\u2019ACTION DES SALARI\u00c9-E-S DU SECTEUR DE LA SANT\u00c9 ET DE L\u2019ACTION SOCIALE PUBLIQUE ET PRIV\u00c9E [&hellip;]<\/p>\n","protected":false},"author":1,"featured_media":0,"comment_status":"closed","ping_status":"open","sticky":false,"template":"","format":"standard","meta":{"footnotes":""},"categories":[7,8],"tags":[],"views":1868,"_links":{"self":[{"href":"http:\/\/www.cgt-hopital-manosque.fr\/index.php?rest_route=\/wp\/v2\/posts\/2551"}],"collection":[{"href":"http:\/\/www.cgt-hopital-manosque.fr\/index.php?rest_route=\/wp\/v2\/posts"}],"about":[{"href":"http:\/\/www.cgt-hopital-manosque.fr\/index.php?rest_route=\/wp\/v2\/types\/post"}],"author":[{"embeddable":true,"href":"http:\/\/www.cgt-hopital-manosque.fr\/index.php?rest_route=\/wp\/v2\/users\/1"}],"replies":[{"embeddable":true,"href":"http:\/\/www.cgt-hopital-manosque.fr\/index.php?rest_route=%2Fwp%2Fv2%2Fcomments&post=2551"}],"version-history":[{"count":1,"href":"http:\/\/www.cgt-hopital-manosque.fr\/index.php?rest_route=\/wp\/v2\/posts\/2551\/revisions"}],"predecessor-version":[{"id":2553,"href":"http:\/\/www.cgt-hopital-manosque.fr\/index.php?rest_route=\/wp\/v2\/posts\/2551\/revisions\/2553"}],"wp:attachment":[{"href":"http:\/\/www.cgt-hopital-manosque.fr\/index.php?rest_route=%2Fwp%2Fv2%2Fmedia&parent=2551"}],"wp:term":[{"taxonomy":"category","embeddable":true,"href":"http:\/\/www.cgt-hopital-manosque.fr\/index.php?rest_route=%2Fwp%2Fv2%2Fcategories&post=2551"},{"taxonomy":"post_tag","embeddable":true,"href":"http:\/\/www.cgt-hopital-manosque.fr\/index.php?rest_route=%2Fwp%2Fv2%2Ftags&post=2551"}],"curies":[{"name":"wp","href":"https:\/\/api.w.org\/{rel}","templated":true}]}}