{"id":2554,"date":"2014-05-07T08:01:49","date_gmt":"2014-05-07T08:01:49","guid":{"rendered":"http:\/\/www.cgt-hopital-manosque.fr\/?p=2554"},"modified":"2015-02-01T18:33:15","modified_gmt":"2015-02-01T18:33:15","slug":"7-mai-2014-pour-un-service-de-reanimation-a-manosque","status":"publish","type":"post","link":"http:\/\/www.cgt-hopital-manosque.fr\/?p=2554","title":{"rendered":"7 mai 2014 &#8211; Pour un service de r\u00e9animation \u00e0 Manosque"},"content":{"rendered":"<p style= \"text-align: justify;\"> Vous trouverez en pi\u00e8ce jointe un article de la Marseillaise relatif au combat en cours du collectif pour une r\u00e9a \u00e0 Manosque qui milite pour l&rsquo;ouverture d&rsquo;un Service de R\u00e9animation polyvalente de 8 lits \u00e0 Manosque : <strong><a href=\"http:\/\/www.cgt-hopital-manosque.fr\/wp-content\/uploads\/2014\/05\/408.-Article-collectif-R\u00e9a-du-1er-mai-2014.pdf\">CLIQUER ICI<\/a><\/strong>\n <\/p>\n<p style= \"text-align: justify;\"> Pour aller plus loin sur ce dossier, vous pouvez \u00e9galement consulter l&rsquo;interview de Jean-Fran\u00e7ois Pellarey du 6 f\u00e9vrier 2014 sur notre site,<br \/>\nCliquer sur le lien ci-dessous :<br \/>\n<strong><a href=\"http:\/\/www.cgt-hopital-manosque.fr\/?p=2213\" target=\"_blank\">http:\/\/www.cgt-hopital-manosque.fr\/?p=2213<\/a><\/strong><\/p>\n","protected":false},"excerpt":{"rendered":"<p>Vous trouverez en pi\u00e8ce jointe un article de la Marseillaise relatif au combat en cours du collectif pour une r\u00e9a \u00e0 Manosque qui milite pour l&rsquo;ouverture d&rsquo;un Service de R\u00e9animation polyvalente de 8 lits \u00e0 Manosque : CLIQUER ICI Pour aller plus loin sur ce dossier, vous pouvez \u00e9galement consulter l&rsquo;interview de Jean-Fran\u00e7ois Pellarey du [&hellip;]<\/p>\n","protected":false},"author":1,"featured_media":0,"comment_status":"closed","ping_status":"open","sticky":false,"template":"","format":"standard","meta":{"footnotes":""},"categories":[7,8],"tags":[],"views":1902,"_links":{"self":[{"href":"http:\/\/www.cgt-hopital-manosque.fr\/index.php?rest_route=\/wp\/v2\/posts\/2554"}],"collection":[{"href":"http:\/\/www.cgt-hopital-manosque.fr\/index.php?rest_route=\/wp\/v2\/posts"}],"about":[{"href":"http:\/\/www.cgt-hopital-manosque.fr\/index.php?rest_route=\/wp\/v2\/types\/post"}],"author":[{"embeddable":true,"href":"http:\/\/www.cgt-hopital-manosque.fr\/index.php?rest_route=\/wp\/v2\/users\/1"}],"replies":[{"embeddable":true,"href":"http:\/\/www.cgt-hopital-manosque.fr\/index.php?rest_route=%2Fwp%2Fv2%2Fcomments&post=2554"}],"version-history":[{"count":2,"href":"http:\/\/www.cgt-hopital-manosque.fr\/index.php?rest_route=\/wp\/v2\/posts\/2554\/revisions"}],"predecessor-version":[{"id":2557,"href":"http:\/\/www.cgt-hopital-manosque.fr\/index.php?rest_route=\/wp\/v2\/posts\/2554\/revisions\/2557"}],"wp:attachment":[{"href":"http:\/\/www.cgt-hopital-manosque.fr\/index.php?rest_route=%2Fwp%2Fv2%2Fmedia&parent=2554"}],"wp:term":[{"taxonomy":"category","embeddable":true,"href":"http:\/\/www.cgt-hopital-manosque.fr\/index.php?rest_route=%2Fwp%2Fv2%2Fcategories&post=2554"},{"taxonomy":"post_tag","embeddable":true,"href":"http:\/\/www.cgt-hopital-manosque.fr\/index.php?rest_route=%2Fwp%2Fv2%2Ftags&post=2554"}],"curies":[{"name":"wp","href":"https:\/\/api.w.org\/{rel}","templated":true}]}}