{"id":2559,"date":"2014-05-09T15:27:00","date_gmt":"2014-05-09T15:27:00","guid":{"rendered":"http:\/\/www.cgt-hopital-manosque.fr\/?p=2559"},"modified":"2015-01-25T12:51:35","modified_gmt":"2015-01-25T12:51:35","slug":"9-mai-2014-10-milliards-deconomies-dans-le-domaine-de-la-sante","status":"publish","type":"post","link":"http:\/\/www.cgt-hopital-manosque.fr\/?p=2559","title":{"rendered":"9 mai 2014 &#8211; 10 milliards d&rsquo;\u00e9conomies dans le domaine de la sant\u00e9 !"},"content":{"rendered":"<p><a href=\"http:\/\/www.cgt-hopital-manosque.fr\/wp-content\/uploads\/2014\/05\/403.-10-milliards-d\u00e9conomies-dans-le-domaine-de-la-sant\u00e9-2.jpg\"><img loading=\"lazy\" decoding=\"async\" src=\"http:\/\/www.cgt-hopital-manosque.fr\/wp-content\/uploads\/2014\/05\/403.-10-milliards-d\u00e9conomies-dans-le-domaine-de-la-sant\u00e9-2.jpg\" alt=\"\" width=\"566\" height=\"855\" class=\"aligncenter size-full wp-image-2567\" srcset=\"http:\/\/www.cgt-hopital-manosque.fr\/wp-content\/uploads\/2014\/05\/403.-10-milliards-d\u00e9conomies-dans-le-domaine-de-la-sant\u00e9-2.jpg 566w, http:\/\/www.cgt-hopital-manosque.fr\/wp-content\/uploads\/2014\/05\/403.-10-milliards-d\u00e9conomies-dans-le-domaine-de-la-sant\u00e9-2-198x300.jpg 198w\" sizes=\"(max-width: 566px) 100vw, 566px\" \/><\/a><\/p>\n<p style= \"text-align: justify;\">Dans le quotidien Les \u00c9chos du vendredi 25 avril, la ministre des Affaires sociales, Marisol Touraine, a d\u00e9taill\u00e9 son plan pour atteindre d\u2019ici 2017 les 10 milliards d\u2019\u00e9conomie annonc\u00e9s par E. Valls dans le domaine de la sant\u00e9. <\/p>\n<p style= \"text-align: justify;\"> \u00ab C\u2019est un effort sans pr\u00e9c\u00e9dent \u00bb, a-t-elle comment\u00e9, tout en pr\u00e9tendant que cela n\u2019aboutirait pas \u00e0 un syst\u00e8me de sant\u00e9 \u00ab low cost \u00bb\u2026 Mais c\u2019est pourtant bien le r\u00e9sultat in\u00e9vitable d\u2019une telle politique. <\/p>\n<p style= \"text-align: justify;\">Une bonne partie des \u00e9conomies sera \u00e0 la charge des malades qui, malgr\u00e9 les affirmations de la ministre, verront la qualit\u00e9 de leurs soins soumis \u00e0 des exigences comptables. Ainsi \u00e9voquant un \u00ab meilleur usage des soins en \u00e9vitant les actes inutiles ou redondants et la consommation de m\u00e9dicaments inadapt\u00e9s \u00bb, la ministre fixe un objectif d\u2019\u00e9conomie chiffr\u00e9 \u00e0 2,5 milliards d\u2019euros. Il y a tout lieu de craindre que, dans certains cas, ce sont des examens \u00ab utiles \u00bb qui seront repouss\u00e9s au nom de la ma\u00eetrise des d\u00e9penses\u2026<\/p>\n<p style= \"text-align: justify;\">Dans le m\u00eame ordre d\u2019id\u00e9e, Marisol Touraine a expliqu\u00e9 vouloir doubler le rythme de croissance de la chirurgie ambulatoire, qui permet aux patients de ressortir de l\u2019h\u00f4pital apr\u00e8s l\u2019op\u00e9ration. \u00ab D\u00e8s 2016, une op\u00e9ration sur deux pourra \u00eatre r\u00e9alis\u00e9e en ambulatoire \u00bb, a-t-elle affirm\u00e9. Bien s\u00fbr, le progr\u00e8s m\u00e9dical permet d\u2019\u00e9viter aujourd\u2019hui beaucoup plus qu\u2019avant une hospitalisation, mais en fixant aux \u00e9tablissements de sant\u00e9 un objectif d\u2019\u00e9conomie de 1,5 milliard, dont \u00ab pr\u00e8s d\u2019un milliard pour la chirurgie ambulatoire \u00bb, la ministre exerce une pression qui am\u00e8nera in\u00e9vitablement des gestionnaires d\u2019\u00e9tablissements \u00e0 ne pas consid\u00e9rer le bien-\u00eatre des malades comme une priorit\u00e9\u2026 Sans compter que cela s\u2019inscrit dans la poursuite de la politique de suppression de lits dans les h\u00f4pitaux. <\/p>\n<p style= \"text-align: justify;\">Enfin, et ce n\u2019est pas le moins lourd de cons\u00e9quences pour les patients, le plan pr\u00e9voit 2 milliards d\u2019\u00e9conomies \u00e0 r\u00e9aliser dans les h\u00f4pitaux. La ministre s\u2019est content\u00e9e d\u2019\u00e9voquer le \u00ab recours excessif aux m\u00e9decins int\u00e9rimaires \u00bb au co\u00fbt trop \u00e9lev\u00e9. Mais elle n\u2019a rien dit du sous-effectif permanent et g\u00e9n\u00e9ral dans les h\u00f4pitaux publics qui met en danger la sant\u00e9 des patients et qui rend les conditions de travail des personnels de plus en plus insupportables. <\/p>\n<p style= \"text-align: justify;\">Ce sont des embauches massives qui seraient partout n\u00e9cessaires aujourd\u2019hui. Et c\u2019est tout le contraire qui est \u00e0 l\u2019ordre du jour. Alors, in\u00e9vitablement, ce plan d\u2019\u00e9conomie programme une nouvelle d\u00e9gradation des soins et de leur prise en charge par la S\u00e9curit\u00e9 sociale, ainsi qu\u2019une aggravation des conditions de travail des personnels des h\u00f4pitaux publics. <\/p>\n<p style= \"text-align: justify;\">La loi HPST (h\u00f4pital, patients, sant\u00e9, territoires) en 2009 pr\u00e9conisait pour l\u2019h\u00f4pital public des m\u00e9thodes de gestion plus proches de celles de l\u2019entreprise. Cela a g\u00e9n\u00e9r\u00e9 de nombreux effets pervers sur la qualit\u00e9 de la prise en charge des patients mais \u00e9galement sur les conditions de travail des personnels hospitaliers. Loin de revenir en arri\u00e8re et  loin des promesses de campagne \u00e9lectorale, le gouvernement remet en cause notre syst\u00e8me de protection sociale solidaire ! <\/p>\n<p style= \"text-align: justify;\">Une telle ponction va frontalement percuter l\u2019universalit\u00e9 de la s\u00e9curit\u00e9 sociale ! Le Medef le r\u00e9clame depuis des ann\u00e9es ! <\/p>\n<p style= \"text-align: justify;\">Il s&rsquo;agit d&rsquo;un pacte irresponsable pour la sant\u00e9 et la protection sociale ! <\/p>\n<p style= \"text-align: justify;\">Cette universalit\u00e9 est une pierre angulaire de la solidarit\u00e9. La remettre en cause, c\u2019est remettre en cause l\u2019architecture de la s\u00e9curit\u00e9 sociale invent\u00e9e par Ambroise Croizat. <\/p>\n","protected":false},"excerpt":{"rendered":"<p>Dans le quotidien Les \u00c9chos du vendredi 25 avril, la ministre des Affaires sociales, Marisol Touraine, a d\u00e9taill\u00e9 son plan pour atteindre d\u2019ici 2017 les 10 milliards d\u2019\u00e9conomie annonc\u00e9s par E. Valls dans le domaine de la sant\u00e9. \u00ab C\u2019est un effort sans pr\u00e9c\u00e9dent \u00bb, a-t-elle comment\u00e9, tout en pr\u00e9tendant que cela n\u2019aboutirait pas \u00e0 [&hellip;]<\/p>\n","protected":false},"author":1,"featured_media":0,"comment_status":"closed","ping_status":"open","sticky":false,"template":"","format":"standard","meta":{"footnotes":""},"categories":[8],"tags":[],"views":2109,"_links":{"self":[{"href":"http:\/\/www.cgt-hopital-manosque.fr\/index.php?rest_route=\/wp\/v2\/posts\/2559"}],"collection":[{"href":"http:\/\/www.cgt-hopital-manosque.fr\/index.php?rest_route=\/wp\/v2\/posts"}],"about":[{"href":"http:\/\/www.cgt-hopital-manosque.fr\/index.php?rest_route=\/wp\/v2\/types\/post"}],"author":[{"embeddable":true,"href":"http:\/\/www.cgt-hopital-manosque.fr\/index.php?rest_route=\/wp\/v2\/users\/1"}],"replies":[{"embeddable":true,"href":"http:\/\/www.cgt-hopital-manosque.fr\/index.php?rest_route=%2Fwp%2Fv2%2Fcomments&post=2559"}],"version-history":[{"count":6,"href":"http:\/\/www.cgt-hopital-manosque.fr\/index.php?rest_route=\/wp\/v2\/posts\/2559\/revisions"}],"predecessor-version":[{"id":2568,"href":"http:\/\/www.cgt-hopital-manosque.fr\/index.php?rest_route=\/wp\/v2\/posts\/2559\/revisions\/2568"}],"wp:attachment":[{"href":"http:\/\/www.cgt-hopital-manosque.fr\/index.php?rest_route=%2Fwp%2Fv2%2Fmedia&parent=2559"}],"wp:term":[{"taxonomy":"category","embeddable":true,"href":"http:\/\/www.cgt-hopital-manosque.fr\/index.php?rest_route=%2Fwp%2Fv2%2Fcategories&post=2559"},{"taxonomy":"post_tag","embeddable":true,"href":"http:\/\/www.cgt-hopital-manosque.fr\/index.php?rest_route=%2Fwp%2Fv2%2Ftags&post=2559"}],"curies":[{"name":"wp","href":"https:\/\/api.w.org\/{rel}","templated":true}]}}