{"id":2580,"date":"2014-05-14T19:45:52","date_gmt":"2014-05-14T19:45:52","guid":{"rendered":"http:\/\/www.cgt-hopital-manosque.fr\/?p=2580"},"modified":"2015-01-25T12:51:35","modified_gmt":"2015-01-25T12:51:35","slug":"15-mai-2014-justice-sociale-et-justice-prudhomale-en-danger","status":"publish","type":"post","link":"http:\/\/www.cgt-hopital-manosque.fr\/?p=2580","title":{"rendered":"15 mai 2014 &#8211; justice sociale et justice prud&rsquo;homale en danger !"},"content":{"rendered":"<p style= \"text-align: justify;\">Il y a une volont\u00e9 des pouvoirs publics aujourd&rsquo;hui d&#8217;emp\u00eacher l&rsquo;acc\u00e8s de tous les salari\u00e9s \u00e0 la justice sociale et \u00e0 la justice prud\u2019homale. Les attaques inacceptables contre la d\u00e9mocratie  se sont multipli\u00e9es sous le gouvernement Sarkozy et se sont confirm\u00e9es sous le gouvernement Hollande.<br \/>\nSi on regarde l&rsquo;ANI du 11 janvier 2013, il n&rsquo;y a rien de bon l\u00e0-dedans \u00e0 ce sujet. S&rsquo;en prendre aux effectifs des tribunaux, aux \u00e9lections prud\u2019homales, aux formations prud&rsquo;homales \u00e9galement, c&rsquo;est vouloir d\u00e9truire la d\u00e9mocratie sociale. <\/p>\n<p style= \"text-align: justify;\">Puisqu&rsquo;il n&rsquo;y a que les batailles que nous ne menons pas que nous sommes s\u00fbrs de perdre, nous devons nous mobiliser pour mener ces batailles, cruciales, y compris sur l&rsquo;action juridique, comme un outil au service de l&rsquo;action revendicative, de l&rsquo;action des salari\u00e9s, individuelle ou collective. <\/p>\n<p style= \"text-align: justify;\">Oui, il y a une offensive lib\u00e9rale soutenue par le gouvernement, qui permet \u00e0 ce patronat d\u00e9linquant d&rsquo;\u00e9chapper \u00e0 la justice sociale, l\u2019 ANI du 11 janvier 2013 en est une tr\u00e8s large d\u00e9monstration. <\/p>\n<p style= \"text-align: justify;\">En cons\u00e9quence, une offensive syndicale est indispensable face \u00e0 cette offensive lib\u00e9rale. La CGT doit \u00eatre \u00e0 l&rsquo;initiative et mobiliser toutes celles et ceux qui sont attach\u00e9s \u00e0 une justice sociale et prud&rsquo;homale digne de ce nom. <\/p>\n<p style= \"text-align: justify;\">Les UL et l&rsquo;UD sont sur le pied de guerre  pour aider les salari\u00e9s \u00e0 d\u00e9coder les dangers de ces attaques. <\/p>\n<p style= \"text-align: justify;\">Il faut \u00eatre dynamique, lisible partout, et multiplier les initiatives en recherchant la r\u00e9activit\u00e9 et l&rsquo;efficacit\u00e9 pour organiser la riposte ! <\/p>\n<p style= \"text-align: justify;\">\nPour signer la p\u00e9tition en ligne pour exiger la tenue des \u00e9lections prud&rsquo;homales en 2015,  <strong><a href=\"http:\/\/www.cgt.fr\/Suppression-des-elections-prud.html\"CLIQUER ICI\" target=\"_blank\">CLIQUER ICI<\/a><\/strong><\/p>\n","protected":false},"excerpt":{"rendered":"<p>Il y a une volont\u00e9 des pouvoirs publics aujourd&rsquo;hui d&#8217;emp\u00eacher l&rsquo;acc\u00e8s de tous les salari\u00e9s \u00e0 la justice sociale et \u00e0 la justice prud\u2019homale. Les attaques inacceptables contre la d\u00e9mocratie se sont multipli\u00e9es sous le gouvernement Sarkozy et se sont confirm\u00e9es sous le gouvernement Hollande. Si on regarde l&rsquo;ANI du 11 janvier 2013, il n&rsquo;y [&hellip;]<\/p>\n","protected":false},"author":1,"featured_media":0,"comment_status":"closed","ping_status":"open","sticky":false,"template":"","format":"standard","meta":{"footnotes":""},"categories":[8],"tags":[],"views":1806,"_links":{"self":[{"href":"http:\/\/www.cgt-hopital-manosque.fr\/index.php?rest_route=\/wp\/v2\/posts\/2580"}],"collection":[{"href":"http:\/\/www.cgt-hopital-manosque.fr\/index.php?rest_route=\/wp\/v2\/posts"}],"about":[{"href":"http:\/\/www.cgt-hopital-manosque.fr\/index.php?rest_route=\/wp\/v2\/types\/post"}],"author":[{"embeddable":true,"href":"http:\/\/www.cgt-hopital-manosque.fr\/index.php?rest_route=\/wp\/v2\/users\/1"}],"replies":[{"embeddable":true,"href":"http:\/\/www.cgt-hopital-manosque.fr\/index.php?rest_route=%2Fwp%2Fv2%2Fcomments&post=2580"}],"version-history":[{"count":1,"href":"http:\/\/www.cgt-hopital-manosque.fr\/index.php?rest_route=\/wp\/v2\/posts\/2580\/revisions"}],"predecessor-version":[{"id":2581,"href":"http:\/\/www.cgt-hopital-manosque.fr\/index.php?rest_route=\/wp\/v2\/posts\/2580\/revisions\/2581"}],"wp:attachment":[{"href":"http:\/\/www.cgt-hopital-manosque.fr\/index.php?rest_route=%2Fwp%2Fv2%2Fmedia&parent=2580"}],"wp:term":[{"taxonomy":"category","embeddable":true,"href":"http:\/\/www.cgt-hopital-manosque.fr\/index.php?rest_route=%2Fwp%2Fv2%2Fcategories&post=2580"},{"taxonomy":"post_tag","embeddable":true,"href":"http:\/\/www.cgt-hopital-manosque.fr\/index.php?rest_route=%2Fwp%2Fv2%2Ftags&post=2580"}],"curies":[{"name":"wp","href":"https:\/\/api.w.org\/{rel}","templated":true}]}}