{"id":2582,"date":"2014-05-15T20:11:44","date_gmt":"2014-05-15T20:11:44","guid":{"rendered":"http:\/\/www.cgt-hopital-manosque.fr\/?p=2582"},"modified":"2015-01-25T12:51:35","modified_gmt":"2015-01-25T12:51:35","slug":"une-belle-premiere-le-tour-de-france-pour-la-sante","status":"publish","type":"post","link":"http:\/\/www.cgt-hopital-manosque.fr\/?p=2582","title":{"rendered":"16 mai 2014 &#8211; Une belle premi\u00e8re : Le Tour De France pour la SANT\u00c9"},"content":{"rendered":"<p style= \"text-align: justify;\"> <strong>Pour son dixi\u00e8me Anniversaire, la COORDINATION NATIONALE des COMITES de DEFENSE des HOPITAUX et MATERNITE de PROXIMITE, vient d&rsquo;organiser son premier Tour de France. <\/strong> Trente \u00e9tapes \u00e0 travers le pays, de Brian\u00e7on, le 14 d\u00e9cembre, \u00e0 Ruffec les 10 et 11 Mai (22\u00b0 Rencontres Nationales). Plus d\u2019une vingtaine de d\u00e9bats auxquels ont particip\u00e9 plus de 1000 personnes, des rassemblements, manifestations comme \u00e0 Saint-Affrique o\u00f9 ils \u00e9taient plus d\u2019un millier \u00e0 d\u00e9filer pour rappeler leur d\u00e9termination, encore, \u00e0 d\u00e9fendre leur h\u00f4pital le 5 avril. <\/p>\n<p style= \"text-align: justify;\"> <strong>Etapes apr\u00e8s \u00e9tapes, nous avons expliqu\u00e9 nos victoires, rappel\u00e9 nos luttes d&rsquo;hier et d&rsquo;aujourd&rsquo;hui. <\/strong><\/p>\n<p style= \"text-align: justify;\"> <strong>Car la loi de 2009, \u00ab\u00a0H\u00f4pital-Patient-Sant\u00e9-Territoire\u00a0\u00bb, appel\u00e9 aussi loi \u00ab\u00a0Bachelot\u00a0\u00bb poursuit ses m\u00e9faits. <\/strong> Elle se fixe pour but de r\u00e9duire les d\u00e9penses de Sant\u00e9 Publique, et ainsi faire place au secteur priv\u00e9. Au d\u00e9triment des plus malmen\u00e9s socialement, mais \u00e9galement des autres. Comme toutes les donn\u00e9es statistiques le montrent, les in\u00e9galit\u00e9s d&rsquo;acc\u00e8s aux soins s&rsquo;aggravent, tant sociales que g\u00e9ographiques. Le \u00ab\u00a0reste \u00e0 charge\u00a0\u00bb, s&rsquo;alourdit. Les Mutuelles et Assurances priv\u00e9es, dites \u00ab\u00a0compl\u00e9mentaires\u00a0\u00bb, ne remboursent que ceux qui peuvent payer et ne cessent d&rsquo;augmenter leurs tarifs. R\u00e9sultats, ce sont bien les plus bas revenus qui sont les premi\u00e8res victimes. <\/p>\n<p style= \"text-align: justify;\"> <strong>Non seulement, les Agences R\u00e9gionales de Sant\u00e9 , bras arm\u00e9s des Minist\u00e8res de la Sant\u00e9, pass\u00e9s et pr\u00e9sents, r\u00e9duisent les personnels soignants -plus de 20 000 en cinq ans- , suppriment des lits d\u2019hospitalisation -50 000 en 10 ans-, des services, urgences, chirurgie, r\u00e9animation et maternit\u00e9s, petites et grandes, les petites par centaines -plus de 800 en trente ans-, fusionnent les H\u00f4pitaux dans le cadre d&rsquo;op\u00e9rations financi\u00e8res d\u00e9sastreuses, mais elles b\u00e2illonnent l&rsquo;expression des exigences de la population en utilisant des simulacres de \u00ab\u00a0d\u00e9mocratie sanitaire\u00a0\u00bb r\u00e9duites le plus souvent \u00e0 des \u00ab\u00a0chambres d&rsquo;enregistrement\u00a0\u00bb. <\/strong> <\/p>\n<p style= \"text-align: justify;\"> <strong>En d\u00e9ficit, nous mart\u00e8le-t-on, la S\u00e9curit\u00e9 Sociale, impose des plans d&rsquo;aust\u00e9rit\u00e9 aux h\u00f4pitaux, se d\u00e9gage des remboursements des \u00ab\u00a0soins courants\u00a0\u00bb <\/strong> laiss\u00e9s aux compl\u00e9mentaires. Comme si \u00e7a ne suffisait pas, le nouveau plan d&rsquo;aust\u00e9rit\u00e9, cette fois le mot s&rsquo;est impos\u00e9, va chercher 10 milliards d&rsquo;\u00e9conomie dans les Caisses de la S\u00e9cu. Et 10 autres milliards dans les autres caisses de la Protection sociale!!! <\/p>\n<p style= \"text-align: justify;\"> <strong>Les gouvernements font payer les turpitudes de \u00ab\u00a0la finance\u00a0\u00bb aux malades, aux ch\u00f4meurs, aux retrait\u00e9s, aux familles. <\/strong><\/p>\n<p style= \"text-align: justify;\"> <strong>C\u2019est inacceptable ! <\/strong> <\/p>\n<p style= \"text-align: justify;\">Voil\u00e0 pourquoi nous avons entrepris le Tour de France pour l\u2019acc\u00e8s aux soins et le droit \u00e0 la Sant\u00e9 pour toutes et tous. <strong>Nous exigeons une nouvelle loi de Sant\u00e9, abrogeant celle en place, et sa co-\u00e9laboration d\u00e9mocratique, par consultation, mais surtout par participation des Comit\u00e9s d\u2019usagers et de citoyens d\u00e9fendant l&rsquo;acc\u00e8s \u00e9galitaire \u00e0 la pr\u00e9vention comme aux soins. <\/strong><\/p>\n<p style= \"text-align: justify;\">Dans l&rsquo;imm\u00e9diat, il faut imp\u00e9rativement faire cesser les r\u00e9ductions de personnels, les fusions et fermetures d&rsquo;H\u00f4pitaux et de Services (Urgences!, Maternit\u00e9s et Centres de Planification et d&rsquo;Interruption de grossesses, Chirurgies\u2026), briser les carcans autoritaires de la \u00ab\u00a0nouvelle gouvernance\u00a0\u00bb et du \u00ab\u00a0management\u00a0\u00bb et obtenir l&rsquo;instauration et le financement d&rsquo;un service public de sant\u00e9 de proximit\u00e9 en m\u00e9decine ambulatoire comme en m\u00e9decine hospitali\u00e8re. <\/p>\n<p style= \"text-align: justify;\"> <strong>Dans le court terme, nous devons \u00e9laborer des contre-propositions au projet de Strat\u00e9gie nationale de Sant\u00e9, si nous n&rsquo;y sommes pas concr\u00e8tement associ\u00e9s. <\/strong><\/p>\n<p style= \"text-align: justify;\"> <strong>Les 10 et 11 Mai se sont d\u00e9roul\u00e9es les 22\u00b0 Rencontres Nationales de la Coordination, \u00e0 Ruffec afin de d\u00e9battre et travailler sur ce grand chantier de l&rsquo;Egalit\u00e9 en Sant\u00e9. <\/strong><\/p>\n<p style= \"text-align: justify;\"> <strong>La dimension europ\u00e9enne de la sant\u00e9 et de sa marchandisation a \u00e9t\u00e9 au centre du d\u00e9bat organis\u00e9 le samedi 10 mai \u00e0 18H00 avec la participation de Yves Hellendorff, secr\u00e9taire national de la Centrale nationale des employ\u00e9s (CNE) (Belgique), Sofia Tzitzikou, pharmacienne b\u00e9n\u00e9vole dans un dispensaire autog\u00e9r\u00e9 et vice-pr\u00e9sidente d\u2019UNICEF Gr\u00e8ce, des repr\u00e9sentants du CAS de Madrid (Espagne) et Fran\u00e7oise Nay pr\u00e9sidente de la Coordination nationale <\/strong> <\/p>\n<p style= \"text-align: justify;\"> (Coordination Nationale des Comit\u00e9s de D\u00e9fense des H\u00f4pitaux et Maternit\u00e9s de Proximit\u00e9) <\/p>\n","protected":false},"excerpt":{"rendered":"<p>Pour son dixi\u00e8me Anniversaire, la COORDINATION NATIONALE des COMITES de DEFENSE des HOPITAUX et MATERNITE de PROXIMITE, vient d&rsquo;organiser son premier Tour de France. Trente \u00e9tapes \u00e0 travers le pays, de Brian\u00e7on, le 14 d\u00e9cembre, \u00e0 Ruffec les 10 et 11 Mai (22\u00b0 Rencontres Nationales). Plus d\u2019une vingtaine de d\u00e9bats auxquels ont particip\u00e9 plus de [&hellip;]<\/p>\n","protected":false},"author":1,"featured_media":0,"comment_status":"closed","ping_status":"open","sticky":false,"template":"","format":"standard","meta":{"footnotes":""},"categories":[8],"tags":[],"views":2004,"_links":{"self":[{"href":"http:\/\/www.cgt-hopital-manosque.fr\/index.php?rest_route=\/wp\/v2\/posts\/2582"}],"collection":[{"href":"http:\/\/www.cgt-hopital-manosque.fr\/index.php?rest_route=\/wp\/v2\/posts"}],"about":[{"href":"http:\/\/www.cgt-hopital-manosque.fr\/index.php?rest_route=\/wp\/v2\/types\/post"}],"author":[{"embeddable":true,"href":"http:\/\/www.cgt-hopital-manosque.fr\/index.php?rest_route=\/wp\/v2\/users\/1"}],"replies":[{"embeddable":true,"href":"http:\/\/www.cgt-hopital-manosque.fr\/index.php?rest_route=%2Fwp%2Fv2%2Fcomments&post=2582"}],"version-history":[{"count":2,"href":"http:\/\/www.cgt-hopital-manosque.fr\/index.php?rest_route=\/wp\/v2\/posts\/2582\/revisions"}],"predecessor-version":[{"id":2584,"href":"http:\/\/www.cgt-hopital-manosque.fr\/index.php?rest_route=\/wp\/v2\/posts\/2582\/revisions\/2584"}],"wp:attachment":[{"href":"http:\/\/www.cgt-hopital-manosque.fr\/index.php?rest_route=%2Fwp%2Fv2%2Fmedia&parent=2582"}],"wp:term":[{"taxonomy":"category","embeddable":true,"href":"http:\/\/www.cgt-hopital-manosque.fr\/index.php?rest_route=%2Fwp%2Fv2%2Fcategories&post=2582"},{"taxonomy":"post_tag","embeddable":true,"href":"http:\/\/www.cgt-hopital-manosque.fr\/index.php?rest_route=%2Fwp%2Fv2%2Ftags&post=2582"}],"curies":[{"name":"wp","href":"https:\/\/api.w.org\/{rel}","templated":true}]}}