{"id":2586,"date":"2014-05-18T19:07:36","date_gmt":"2014-05-18T19:07:36","guid":{"rendered":"http:\/\/www.cgt-hopital-manosque.fr\/?p=2586"},"modified":"2015-01-25T12:51:34","modified_gmt":"2015-01-25T12:51:34","slug":"19-mai-2014-attention-information-defense-du-consommateur-indecosa","status":"publish","type":"post","link":"http:\/\/www.cgt-hopital-manosque.fr\/?p=2586","title":{"rendered":"19 mai 2014 &#8211; Attention information &#8211; d\u00e9fense du consommateur &#8211; INDECOSA"},"content":{"rendered":"<p style= \"text-align: justify;\">De par votre adh\u00e9sion \u00e0 la CGT du CH de Manosque, vous adh\u00e9rez automatiquement \u00e0 INDECOSA Information et D\u00e9fense des Consommateurs Salari\u00e9s. Organisation de d\u00e9fense des consommateurs cr\u00e9\u00e9e par la C.G.T. <\/p>\n<p style= \"text-align: justify;\"> <strong>Des salari\u00e9s consom\u2019acteurs responsables <\/strong><\/p>\n<p style= \"text-align: justify;\">Depuis sa cr\u00e9ation en 1979 par la Conf\u00e9d\u00e9ration G\u00e9n\u00e9rale du Travail, l\u2019association pour l\u2019information et la d\u00e9fense des consommateurs salari\u00e9s (Ind\u00e9cosa-CGT) agit pour la d\u00e9fense, la conqu\u00eate de leurs droits et la mise en mouvement des consommateurs salari\u00e9s. L\u2019association si\u00e8ge au Conseil National de la Consommation (CNC) ainsi que dans 33 instances repr\u00e9sentatives. L\u2019Ind\u00e9cosa-CGT vous accompagne dans vos d\u00e9marches lorsque vous \u00eates expos\u00e9s \u00e0 un litige li\u00e9 \u00e0 la consommation. <\/p>\n<p style= \"text-align: justify;\"> <strong>Qui sommes-nous ? <\/strong><\/p>\n<p style= \"text-align: justify;\">Ind\u00e9cosa-CGT est pr\u00e9sente sur l\u2019ensemble du territoire national, avec plus de 280 associations d\u00e9partementales, locales et d\u2019entreprises qui regroupent pr\u00e8s de 700 000 adh\u00e9rents. Le plus souvent dans les locaux des unions locales, des bourses du travail ou des comit\u00e9s d\u2019entreprises. Des militants y tiennent des permanences et organisent des actions collectives. Chaque ann\u00e9e, des milliers de litiges sont pris en compte et trait\u00e9s par Ind\u00e9cosa-CGT. Notre association est une association de type loi 1901. Son bureau de treize membres pr\u00e9pare les travaux et impulse la dynamique de l\u2019organisation sur l\u2019ensemble du territoire. Son conseil d\u2019administration de 48 membres est l\u2019instance dirigeante de l\u2019association. Il constitue \u00e0 la fois un lieu de r\u00e9flexion, de propositions et de d\u00e9cisions. Actuellement, une assembl\u00e9e g\u00e9n\u00e9rale statutaire annuelle a lieu, notamment pour traiter l\u2019activit\u00e9 principale en cours, les questions inh\u00e9rentes aux finances et \u00e0 la validation des comptes et celle des nouveaux membres des instances dirigeantes. Y sont convi\u00e9s les repr\u00e9sentants des associations d\u00e9partementales, des membres fondateurs, le conseil d\u2019administration\u2026 Tous les trois ans, l\u2019assembl\u00e9e g\u00e9n\u00e9rale (200 membres) r\u00e9unit les d\u00e9l\u00e9gu\u00e9s des associations d\u00e9partementales, les membres du bureau, les membres du conseil d\u2019administration, les membres fondateurs de la CGT et les associations admises comme membres honoraires et arr\u00eate les grandes orientations d\u2019Ind\u00e9cosa-CGT. L\u2019association est membre de ConsoFrance, coordination de huit associations de d\u00e9fense des consommateurs qui \u0153uvrent pour un consum\u00e9risme social et environnemental responsable. Au niveau europ\u00e9en, elle est membre de l\u2019association European Consumer Union (ECU) cr\u00e9\u00e9e en novembre 2009 qui regroupe quatorze pays. La structuration de ses activit\u00e9s est en cours dans un contexte europ\u00e9en difficile. Son objectif est d\u2019\u00eatre reconnu au sein de l\u2019Europe, par les organisations de consommateurs et par les institutions europ\u00e9ennes. Elle porte aussi des projets comme celui en cours intitul\u00e9 \u00ab formation \u2013 information \u00bb des consommateurs en Europe dans lequel Ind\u00e9cosa-CGT est impliqu\u00e9e. <\/p>\n<p style= \"text-align: justify;\"> <strong>Nos activit\u00e9s <\/strong><\/p>\n<p style= \"text-align: justify;\">\n  Conseil et d\u00e9fense de vos droits individuels et collectifs ;<br \/>\n  Repr\u00e9sentation dans les instances aupr\u00e8s des pouvoirs publics ;<br \/>\n  Engagement pour un consum\u00e9risme socialement et environnementalement responsable. <\/p>\n<p style= \"text-align: justify;\"> <strong>L\u2019Ind\u00e9cosa-CGT intervient ainsi dans de nombreux domaines <\/strong><\/p>\n<p style= \"text-align: justify;\">\n  Banque : surendettement, cr\u00e9dit \u00e0 la consommation et service bancaire universel,<br \/>\n  Energie : tarifications des \u00e9nergies, litiges li\u00e9s \u00e0 la concurrence, le mixe \u00e9nerg\u00e9tique,<br \/>\n  Environnement : d\u00e9chets domestiques, qualit\u00e9 de l\u2019eau, impact des produits chimiques,<br \/>\n  Transports : proposition pour une instance nationale repr\u00e9sentative des usagers, transports urbain, r\u00e9gional et national,<br \/>\n  Logement : cr\u00e9dit hypoth\u00e9caire, droit au logement, service public de l\u2019habitat,<br \/>\n  Sant\u00e9 : s\u00e9curit\u00e9 alimentaire et ob\u00e9sit\u00e9, droits des patients, m\u00e9dicaments et produits de sant\u00e9,<br \/>\n  Nouvelles technologi es de l\u2019information et de la communication (NTIC) : abus des op\u00e9rateurs de t\u00e9l\u00e9phonie mobile, Internet\u2026<br \/>\n  Services publics. <\/p>\n<p style= \"text-align: justify;\"> <strong>Nous contacter : <\/strong><\/p>\n<p style= \"text-align: justify;\"> <strong>INDECOSA-CGT 04<br \/>\nUnion D\u00e9partementale CGT<br \/>\nBourse du Travail<br \/>\n42, boulevard Victor Hugo<br \/>\n04000 Digne les Bains<\/strong><br \/>\nTel : 04 92 36 62 00<br \/>\nFax : 04 92 36 62 09<br \/>\nindecosa04@wanadoo.fr<br \/>\nPermanences<br \/>\nMardi de 14h \u00e0 19h <\/p>\n<p style= \"text-align: justify;\">\u2022 Antennes \u2022 <\/p>\n<p style= \"text-align: justify;\"> <strong>INDECOSA-CGT Barcelonette<\/strong><br \/>\n7, place Saint Pierre<br \/>\n04400 Barcelonette<br \/>\nTel : 04 92 64 57 19<br \/>\ncgtbarcelonnette@orange.fr<br \/>\nPermanences<br \/>\nDernier jeudi du mois de 18h \u00e0 20h <\/p>\n<p style= \"text-align: justify;\"> <strong>INDECOSA-CGT Ch\u00e2teau Arnoux<\/strong><br \/>\nUnion Locale CGT<br \/>\nBourse du Travail<br \/>\n04160 Ch\u00e2teau Arnoux<br \/>\nTel : 04 92 64 07 47<br \/>\nPermanences<br \/>\nMardi de 17h \u00e0 18h30<br \/>\nJeudi de 14h \u00e0 17h <\/p>\n<p style= \"text-align: justify;\"> <strong>INDECOSA-CGT Forcalquier<\/strong><br \/>\nUnion Locale CGT<br \/>\n2, place du Bourguet<br \/>\n04300 Forcalquier<br \/>\nTel : 06 89 16 60 00<br \/>\njlbokaert@orange.fr<br \/>\nPermanences<br \/>\nJeudi de 17h \u00e0 19h <\/p>\n<p style= \"text-align: justify;\"> <strong>INDECOSA-CGT Manosque<\/strong><br \/>\nUnion Locale CGT<br \/>\n2, place Marcel Pagnol<br \/>\n04100 Manosque<br \/>\nTel : 04 92 72 14 04<br \/>\nFax : 04 92 72 50 60<br \/>\ncgtmanosque@aol.com<br \/>\nPermanences<br \/>\nMardi de 17h \u00e0 19h <\/p>\n<p style= \"text-align: justify;\"> <strong>INDECOSA-CGT Oraison<\/strong><br \/>\nSalle sous Kiosque<br \/>\n04700 Oraison<br \/>\nTel : 06 75 02 69 13<br \/>\njlbokaert@orange.fr<br \/>\nPermanences<br \/>\n1er mercredi du mois de 17h \u00e0 19h <\/p>\n<p style= \"text-align: justify;\"> <strong>INDECOSA-CGT Sainte Tulle<\/strong><br \/>\nMaison du Peuple<br \/>\nPlace Jules Guesde<br \/>\n04220 Sainte Tulle<br \/>\nTel : 09 62 15 30 24<br \/>\nsylvain.miralles@edf.fr<br \/>\nPermanences<br \/>\nVendredi de 17h \u00e0 18h <\/p>\n<p style= \"text-align: justify;\"> <strong>INDECOSA-CGT Sisteron<\/strong><br \/>\nUnion locale CGT<br \/>\nPlace Ren\u00e9 Cassin<br \/>\n04200 Sisteron<br \/>\nTel : 04 92 61 15 29<br \/>\nPermanences<br \/>\nVendredi de 15h \u00e0 17h <\/p>\n","protected":false},"excerpt":{"rendered":"<p>De par votre adh\u00e9sion \u00e0 la CGT du CH de Manosque, vous adh\u00e9rez automatiquement \u00e0 INDECOSA Information et D\u00e9fense des Consommateurs Salari\u00e9s. Organisation de d\u00e9fense des consommateurs cr\u00e9\u00e9e par la C.G.T. Des salari\u00e9s consom\u2019acteurs responsables Depuis sa cr\u00e9ation en 1979 par la Conf\u00e9d\u00e9ration G\u00e9n\u00e9rale du Travail, l\u2019association pour l\u2019information et la d\u00e9fense des consommateurs salari\u00e9s [&hellip;]<\/p>\n","protected":false},"author":1,"featured_media":0,"comment_status":"closed","ping_status":"open","sticky":false,"template":"","format":"standard","meta":{"footnotes":""},"categories":[7],"tags":[],"views":2011,"_links":{"self":[{"href":"http:\/\/www.cgt-hopital-manosque.fr\/index.php?rest_route=\/wp\/v2\/posts\/2586"}],"collection":[{"href":"http:\/\/www.cgt-hopital-manosque.fr\/index.php?rest_route=\/wp\/v2\/posts"}],"about":[{"href":"http:\/\/www.cgt-hopital-manosque.fr\/index.php?rest_route=\/wp\/v2\/types\/post"}],"author":[{"embeddable":true,"href":"http:\/\/www.cgt-hopital-manosque.fr\/index.php?rest_route=\/wp\/v2\/users\/1"}],"replies":[{"embeddable":true,"href":"http:\/\/www.cgt-hopital-manosque.fr\/index.php?rest_route=%2Fwp%2Fv2%2Fcomments&post=2586"}],"version-history":[{"count":2,"href":"http:\/\/www.cgt-hopital-manosque.fr\/index.php?rest_route=\/wp\/v2\/posts\/2586\/revisions"}],"predecessor-version":[{"id":2588,"href":"http:\/\/www.cgt-hopital-manosque.fr\/index.php?rest_route=\/wp\/v2\/posts\/2586\/revisions\/2588"}],"wp:attachment":[{"href":"http:\/\/www.cgt-hopital-manosque.fr\/index.php?rest_route=%2Fwp%2Fv2%2Fmedia&parent=2586"}],"wp:term":[{"taxonomy":"category","embeddable":true,"href":"http:\/\/www.cgt-hopital-manosque.fr\/index.php?rest_route=%2Fwp%2Fv2%2Fcategories&post=2586"},{"taxonomy":"post_tag","embeddable":true,"href":"http:\/\/www.cgt-hopital-manosque.fr\/index.php?rest_route=%2Fwp%2Fv2%2Ftags&post=2586"}],"curies":[{"name":"wp","href":"https:\/\/api.w.org\/{rel}","templated":true}]}}