{"id":2590,"date":"2014-05-19T19:06:24","date_gmt":"2014-05-19T19:06:24","guid":{"rendered":"http:\/\/www.cgt-hopital-manosque.fr\/?p=2590"},"modified":"2015-02-01T18:33:15","modified_gmt":"2015-02-01T18:33:15","slug":"20-mai-2014-soutien-a-jean-louis-notre-camarade-de-lhopital-de-pertuis","status":"publish","type":"post","link":"http:\/\/www.cgt-hopital-manosque.fr\/?p=2590","title":{"rendered":"20 mai 2014 &#8211; Soutien \u00e0 Jean-Louis, notre camarade de l&rsquo;h\u00f4pital de Pertuis"},"content":{"rendered":"<p><a href=\"http:\/\/www.cgt-hopital-manosque.fr\/wp-content\/uploads\/2013\/05\/137.-Les-5-de-Roanne-version-modifi\u00e9.jpg\"><img loading=\"lazy\" decoding=\"async\" src=\"http:\/\/www.cgt-hopital-manosque.fr\/wp-content\/uploads\/2013\/05\/137.-Les-5-de-Roanne-version-modifi\u00e9.jpg\" alt=\"\" width=\"685\" height=\"642\" class=\"aligncenter size-full wp-image-1209\" srcset=\"http:\/\/www.cgt-hopital-manosque.fr\/wp-content\/uploads\/2013\/05\/137.-Les-5-de-Roanne-version-modifi\u00e9.jpg 685w, http:\/\/www.cgt-hopital-manosque.fr\/wp-content\/uploads\/2013\/05\/137.-Les-5-de-Roanne-version-modifi\u00e9-300x281.jpg 300w\" sizes=\"(max-width: 685px) 100vw, 685px\" \/><\/a><\/p>\n<p style= \"text-align: justify;\"> <strong>Mercredi 21 mai 2013 nous organisons un covoiturage  \u00e0 partir de Manosque pour aller \u00e0 N\u00eemes soutenir notre camarade de Pertuis <\/strong> <\/p>\n<p style= \"text-align: justify;\">Le d\u00e9part est pr\u00e9vu vers 7h00 \/ 7h15 du parking des pr\u00e9s Combaux (en face la halle aux chaussures)<br \/>\npour plus de renseignements<br \/>\nnous contacter au Tel : 06 74 59 14 52 ou au Tel : 06 98 80 91 01 <\/p>\n<p style= \"text-align: justify;\">Jean-Louis Antonelli, repr\u00e9sentant syndical CGT \u00e0 l\u2019h\u00f4pital de Pertuis, passe au tribunal  administratif de N\u00eemes le 21 mai, \u00e0 9h30, salle 1, pour discrimination syndicale. <\/p>\n<p style= \"text-align: justify;\">Rappel des faits : en 2012, son employeur lui a enlev\u00e9 la responsabilit\u00e9 de son service puis l\u2019a mis au placard avec des interventions r\u00e9guli\u00e8rement mena\u00e7antes. Il s\u2019en est suivi un arr\u00eat de travail d\u20191 an pour d\u00e9pression.<br \/>\nJean-Louis demande 90 000 euros pour retard de carri\u00e8re sur 22 ans et 5000 euros de dommages et int\u00e9r\u00eats. <\/p>\n<p style= \"text-align: justify;\">Il faut qu\u2019on soit nombreux ce 21 mai \u00e0 9h30 devant le TA de N\u00eemes pour soutenir Jean-Louis.<br \/>\nOn compte sur vous ! <\/p>\n","protected":false},"excerpt":{"rendered":"<p>Mercredi 21 mai 2013 nous organisons un covoiturage \u00e0 partir de Manosque pour aller \u00e0 N\u00eemes soutenir notre camarade de Pertuis Le d\u00e9part est pr\u00e9vu vers 7h00 \/ 7h15 du parking des pr\u00e9s Combaux (en face la halle aux chaussures) pour plus de renseignements nous contacter au Tel : 06 74 59 14 52 ou [&hellip;]<\/p>\n","protected":false},"author":1,"featured_media":0,"comment_status":"closed","ping_status":"open","sticky":false,"template":"","format":"standard","meta":{"footnotes":""},"categories":[7,8],"tags":[],"views":14300,"_links":{"self":[{"href":"http:\/\/www.cgt-hopital-manosque.fr\/index.php?rest_route=\/wp\/v2\/posts\/2590"}],"collection":[{"href":"http:\/\/www.cgt-hopital-manosque.fr\/index.php?rest_route=\/wp\/v2\/posts"}],"about":[{"href":"http:\/\/www.cgt-hopital-manosque.fr\/index.php?rest_route=\/wp\/v2\/types\/post"}],"author":[{"embeddable":true,"href":"http:\/\/www.cgt-hopital-manosque.fr\/index.php?rest_route=\/wp\/v2\/users\/1"}],"replies":[{"embeddable":true,"href":"http:\/\/www.cgt-hopital-manosque.fr\/index.php?rest_route=%2Fwp%2Fv2%2Fcomments&post=2590"}],"version-history":[{"count":2,"href":"http:\/\/www.cgt-hopital-manosque.fr\/index.php?rest_route=\/wp\/v2\/posts\/2590\/revisions"}],"predecessor-version":[{"id":2592,"href":"http:\/\/www.cgt-hopital-manosque.fr\/index.php?rest_route=\/wp\/v2\/posts\/2590\/revisions\/2592"}],"wp:attachment":[{"href":"http:\/\/www.cgt-hopital-manosque.fr\/index.php?rest_route=%2Fwp%2Fv2%2Fmedia&parent=2590"}],"wp:term":[{"taxonomy":"category","embeddable":true,"href":"http:\/\/www.cgt-hopital-manosque.fr\/index.php?rest_route=%2Fwp%2Fv2%2Fcategories&post=2590"},{"taxonomy":"post_tag","embeddable":true,"href":"http:\/\/www.cgt-hopital-manosque.fr\/index.php?rest_route=%2Fwp%2Fv2%2Ftags&post=2590"}],"curies":[{"name":"wp","href":"https:\/\/api.w.org\/{rel}","templated":true}]}}