{"id":2593,"date":"2014-05-20T19:16:05","date_gmt":"2014-05-20T19:16:05","guid":{"rendered":"http:\/\/www.cgt-hopital-manosque.fr\/?p=2593"},"modified":"2015-02-01T18:33:15","modified_gmt":"2015-02-01T18:33:15","slug":"21-mai-2014-jour-de-colere-pour-les-fonctionnaires","status":"publish","type":"post","link":"http:\/\/www.cgt-hopital-manosque.fr\/?p=2593","title":{"rendered":"21 mai 2014 &#8211; Jour de col\u00e8re pour les fonctionnaires"},"content":{"rendered":"<p style= \"text-align: justify;\">Le 8 Avril dernier, le nouveau premier Ministre  a pr\u00e9sent\u00e9  les axes  de politique g\u00e9n\u00e9rale du Gouvernement, axes pr\u00e9cisant les contours des 50 milliards de coupes dans les d\u00e9penses publiques que le Pr\u00e9sident et le Gouvernement entendent mettre en \u0153uvre. Ce n\u2019est ni plus ni moins que l\u2019aggravation des Politiques d\u2019aust\u00e9rit\u00e9. <\/p>\n<p style= \"text-align: justify;\">Les mesures annonc\u00e9es, contreparties inacceptables du \u00ab pacte de responsabilit\u00e9 \u00bb, vont peser lourdement et gravement sur toute la Fonction Publique et l\u2019emploi. La baisse des moyens du service public, d\u00e9j\u00e0 rogn\u00e9s et insuffisant depuis plusieurs ann\u00e9es, vont mettre en p\u00e9ril l\u2019exercice m\u00eame de ses missions. <\/p>\n<p style= \"text-align: justify;\">A ces questions d\u2019emplois, s\u2019ajoute le fabuleux scandale de la poursuite du gel du point d\u2019indice. Que dire de nos salaires aujourd\u2019hui quand nombre d\u2019agents ne per\u00e7oivent une r\u00e9mun\u00e9ration qu\u2019\u00e0 la limite du SMIC. <\/p>\n<p style= \"text-align: justify;\">Plus de 250 000 agents des trois versants de la Fonction Publique, \u00e0 l\u2019appel de leurs Organisations repr\u00e9sentatives sur tout le territoire (140 cort\u00e8ges) ont affirm\u00e9 lors de la journ\u00e9e d\u2019action du 15 mai 2014, leur exigence d\u2019ouverture de n\u00e9gociations sur les points \u00e9voqu\u00e9s plus haut : salaires, emplois dans la Fonction Publique. <\/p>\n<p style= \"text-align: justify;\">La sortie de la crise ne pourra passer que par une augmentation des salaires pour relancer la croissance et cela renforcera les services publics pour plus de solidarit\u00e9. <\/p>\n<p style= \"text-align: justify;\">Dans nos \u00e9tablissements, les plans d\u2019\u00e9conomies mis en place depuis plusieurs ann\u00e9es et dont nous nous faisons l\u2019\u00e9cho une nouvelle fois dans nos diff\u00e9rentes d\u00e9clarations se poursuivent. La d\u00e9gradation de nos conditions de travail et leurs organisations engendrent des reculs sans pr\u00e9c\u00e9dent. Pour ne pas tous les citer : les accords locaux fragilis\u00e9s, une remise en cause des droits statutaires des agents, un dialogue social en berne, et vient s\u2019ajouter une r\u00e9pression  syndicales allant jusqu\u2019\u00e0 la criminalisation de l\u2019action syndicale, un droit de gr\u00e8ve et d\u2019expression encadr\u00e9s au strict minimum. <\/p>\n<p style= \"text-align: justify;\">Les cons\u00e9quences et la mise en \u0153uvre des nouvelles mesures du plan d\u2019aust\u00e9rit\u00e9 renforce et accro\u00eet les dysfonctionnements institutionnels et renforce les inqui\u00e9tudes. <\/p>\n<p style= \"text-align: justify;\">La CGT r\u00e9affirme que les salari\u00e9s ne sont en rien responsables de la crise et des d\u00e9ficits budg\u00e9taires. <\/p>\n<p><a href=\"http:\/\/www.cgt-hopital-manosque.fr\/wp-content\/uploads\/2014\/05\/415.-Article-15-mai-2014-1.jpg\"><img loading=\"lazy\" decoding=\"async\" src=\"http:\/\/www.cgt-hopital-manosque.fr\/wp-content\/uploads\/2014\/05\/415.-Article-15-mai-2014-1.jpg\" alt=\"\" width=\"873\" height=\"684\" class=\"aligncenter size-full wp-image-2594\" srcset=\"http:\/\/www.cgt-hopital-manosque.fr\/wp-content\/uploads\/2014\/05\/415.-Article-15-mai-2014-1.jpg 873w, http:\/\/www.cgt-hopital-manosque.fr\/wp-content\/uploads\/2014\/05\/415.-Article-15-mai-2014-1-300x235.jpg 300w\" sizes=\"(max-width: 873px) 100vw, 873px\" \/><\/a><\/p>\n<p><a href=\"http:\/\/www.cgt-hopital-manosque.fr\/wp-content\/uploads\/2014\/05\/415.-Article-15-mai-2014-2.jpg\"><img loading=\"lazy\" decoding=\"async\" src=\"http:\/\/www.cgt-hopital-manosque.fr\/wp-content\/uploads\/2014\/05\/415.-Article-15-mai-2014-2.jpg\" alt=\"\" width=\"458\" height=\"896\" class=\"aligncenter size-full wp-image-2595\" srcset=\"http:\/\/www.cgt-hopital-manosque.fr\/wp-content\/uploads\/2014\/05\/415.-Article-15-mai-2014-2.jpg 458w, http:\/\/www.cgt-hopital-manosque.fr\/wp-content\/uploads\/2014\/05\/415.-Article-15-mai-2014-2-153x300.jpg 153w\" sizes=\"(max-width: 458px) 100vw, 458px\" \/><\/a><\/p>\n","protected":false},"excerpt":{"rendered":"<p>Le 8 Avril dernier, le nouveau premier Ministre a pr\u00e9sent\u00e9 les axes de politique g\u00e9n\u00e9rale du Gouvernement, axes pr\u00e9cisant les contours des 50 milliards de coupes dans les d\u00e9penses publiques que le Pr\u00e9sident et le Gouvernement entendent mettre en \u0153uvre. Ce n\u2019est ni plus ni moins que l\u2019aggravation des Politiques d\u2019aust\u00e9rit\u00e9. Les mesures annonc\u00e9es, contreparties [&hellip;]<\/p>\n","protected":false},"author":1,"featured_media":0,"comment_status":"closed","ping_status":"open","sticky":false,"template":"","format":"standard","meta":{"footnotes":""},"categories":[7,8],"tags":[],"views":1961,"_links":{"self":[{"href":"http:\/\/www.cgt-hopital-manosque.fr\/index.php?rest_route=\/wp\/v2\/posts\/2593"}],"collection":[{"href":"http:\/\/www.cgt-hopital-manosque.fr\/index.php?rest_route=\/wp\/v2\/posts"}],"about":[{"href":"http:\/\/www.cgt-hopital-manosque.fr\/index.php?rest_route=\/wp\/v2\/types\/post"}],"author":[{"embeddable":true,"href":"http:\/\/www.cgt-hopital-manosque.fr\/index.php?rest_route=\/wp\/v2\/users\/1"}],"replies":[{"embeddable":true,"href":"http:\/\/www.cgt-hopital-manosque.fr\/index.php?rest_route=%2Fwp%2Fv2%2Fcomments&post=2593"}],"version-history":[{"count":3,"href":"http:\/\/www.cgt-hopital-manosque.fr\/index.php?rest_route=\/wp\/v2\/posts\/2593\/revisions"}],"predecessor-version":[{"id":2598,"href":"http:\/\/www.cgt-hopital-manosque.fr\/index.php?rest_route=\/wp\/v2\/posts\/2593\/revisions\/2598"}],"wp:attachment":[{"href":"http:\/\/www.cgt-hopital-manosque.fr\/index.php?rest_route=%2Fwp%2Fv2%2Fmedia&parent=2593"}],"wp:term":[{"taxonomy":"category","embeddable":true,"href":"http:\/\/www.cgt-hopital-manosque.fr\/index.php?rest_route=%2Fwp%2Fv2%2Fcategories&post=2593"},{"taxonomy":"post_tag","embeddable":true,"href":"http:\/\/www.cgt-hopital-manosque.fr\/index.php?rest_route=%2Fwp%2Fv2%2Ftags&post=2593"}],"curies":[{"name":"wp","href":"https:\/\/api.w.org\/{rel}","templated":true}]}}