{"id":2601,"date":"2014-05-22T19:41:54","date_gmt":"2014-05-22T19:41:54","guid":{"rendered":"http:\/\/www.cgt-hopital-manosque.fr\/?p=2601"},"modified":"2015-02-01T18:33:15","modified_gmt":"2015-02-01T18:33:15","slug":"23-mai-2014-la-cgt-appelle-a-porter-la-voix-du-progres-social-lors-des-elections-du-parlement-europeen","status":"publish","type":"post","link":"http:\/\/www.cgt-hopital-manosque.fr\/?p=2601","title":{"rendered":"23 mai 2014 &#8211; La CGT appelle \u00e0 porter la voix du progr\u00e8s social lors des \u00e9lections du Parlement europ\u00e9en"},"content":{"rendered":"<p style= \"text-align: justify;\">La CGT rappelle que l\u2019Europe fut b\u00e2tie, au sortir de la 2nde Guerre mondiale sur la paix et la coop\u00e9ration entre les peuples. Elle d\u00e9plore qu\u2019aujourd\u2019hui, cette conception fondamentale soit battue en br\u00e8che par des gouvernements europ\u00e9ens influenc\u00e9s par les objectifs de lib\u00e9ralisation des march\u00e9s et appelle \u00e0 porter la voix du progr\u00e8s social lors des \u00e9lections du Parlement europ\u00e9en. <\/p>\n<p style= \"text-align: justify;\">Dans une d\u00e9claration adopt\u00e9e par sa Commission ex\u00e9cutive conf\u00e9d\u00e9rale, mardi 6 mai 2014, la CGT estime en effet que les questions sociales doivent \u00eatre au c\u0153ur des d\u00e9bats europ\u00e9ens, notamment au moment des \u00e9lections europ\u00e9ennes qui auront lieu le dimanche 25 mai prochain. Elle y appelle l\u2019ensemble des salari\u00e9s, des retrait\u00e9s et des priv\u00e9s d\u2019emploi \u00e0 se saisir de ces questions pour porter la voix d\u2019une autre Europe sociale qui refuse leur mise en concurrence et l\u2019opposition entre les peuples. <\/p>\n<p style= \"text-align: justify;\">Pour la CGT, il ne fait aucun doute que les politiques actuellement men\u00e9es tournent le dos aux objectifs progressistes et renforcent, dans tous les pays de l\u2019Union europ\u00e9enne, le sentiment que c\u2019est \u00e0 cause de l\u2019Europe que l\u2019on vit de plus en plus mal. Ce sentiment conduit \u00e0 un recul de la confiance en l\u2019avenir et \u00e0 une d\u00e9fiance de plus en plus forte envers les partis politiques qui gouvernent, ou pr\u00e9tendent le faire, pouvant se traduire par l\u2019abstention ou le vote d\u2019extr\u00eame droite, comme nous venons de le vivre en France. <\/p>\n<p style= \"text-align: justify;\">Les institutions d\u00e9mocratiques sont menac\u00e9es par le creusement des in\u00e9galit\u00e9s et il y a urgence \u00e0 r\u00e9orienter les politiques \u00e9conomiques en faveur du monde du travail. <\/p>\n<p style= \"text-align: justify;\">Des alternatives responsables aux politiques d\u2019aust\u00e9rit\u00e9 \u00e9conomique conduites, aujourd\u2019hui, dans la plupart des pays d\u2019Europe sont en effet possibles, \u00e0 travers, notamment, la mise en place du Plan d\u2019investissement propos\u00e9 par la Conf\u00e9d\u00e9ration europ\u00e9enne des syndicats (CES) qui permettrait de cr\u00e9er jusqu\u2019\u00e0 11 millions d\u2019emplois de qualit\u00e9, dans une Europe qui compte aujourd\u2019hui 26 millions de sans-emploi. <\/p>\n<p style= \"text-align: justify;\">A l\u2019oppos\u00e9 d\u2019un repli sur soi des peuples europ\u00e9ens, c\u2019est une Europe o\u00f9 chacun contribue au d\u00e9veloppement de tous, par ses propres atouts, qu\u2019il nous faut construire, tous ensemble. Nous voulons une Europe qui soit au service des peuples et du monde du travail, de toutes les nations, qui soit une opportunit\u00e9 pour d\u00e9velopper ensemble dans la paix, une \u00e9conomie qui garantit la cr\u00e9ation d\u2019emplois, le progr\u00e8s social et l\u2019\u00e9l\u00e9vation des droits de tous les salari\u00e9s, priv\u00e9s d\u2019emploi et retrait\u00e9s. <\/p>\n","protected":false},"excerpt":{"rendered":"<p>La CGT rappelle que l\u2019Europe fut b\u00e2tie, au sortir de la 2nde Guerre mondiale sur la paix et la coop\u00e9ration entre les peuples. Elle d\u00e9plore qu\u2019aujourd\u2019hui, cette conception fondamentale soit battue en br\u00e8che par des gouvernements europ\u00e9ens influenc\u00e9s par les objectifs de lib\u00e9ralisation des march\u00e9s et appelle \u00e0 porter la voix du progr\u00e8s social lors [&hellip;]<\/p>\n","protected":false},"author":1,"featured_media":0,"comment_status":"closed","ping_status":"open","sticky":false,"template":"","format":"standard","meta":{"footnotes":""},"categories":[8],"tags":[],"views":1842,"_links":{"self":[{"href":"http:\/\/www.cgt-hopital-manosque.fr\/index.php?rest_route=\/wp\/v2\/posts\/2601"}],"collection":[{"href":"http:\/\/www.cgt-hopital-manosque.fr\/index.php?rest_route=\/wp\/v2\/posts"}],"about":[{"href":"http:\/\/www.cgt-hopital-manosque.fr\/index.php?rest_route=\/wp\/v2\/types\/post"}],"author":[{"embeddable":true,"href":"http:\/\/www.cgt-hopital-manosque.fr\/index.php?rest_route=\/wp\/v2\/users\/1"}],"replies":[{"embeddable":true,"href":"http:\/\/www.cgt-hopital-manosque.fr\/index.php?rest_route=%2Fwp%2Fv2%2Fcomments&post=2601"}],"version-history":[{"count":1,"href":"http:\/\/www.cgt-hopital-manosque.fr\/index.php?rest_route=\/wp\/v2\/posts\/2601\/revisions"}],"predecessor-version":[{"id":2602,"href":"http:\/\/www.cgt-hopital-manosque.fr\/index.php?rest_route=\/wp\/v2\/posts\/2601\/revisions\/2602"}],"wp:attachment":[{"href":"http:\/\/www.cgt-hopital-manosque.fr\/index.php?rest_route=%2Fwp%2Fv2%2Fmedia&parent=2601"}],"wp:term":[{"taxonomy":"category","embeddable":true,"href":"http:\/\/www.cgt-hopital-manosque.fr\/index.php?rest_route=%2Fwp%2Fv2%2Fcategories&post=2601"},{"taxonomy":"post_tag","embeddable":true,"href":"http:\/\/www.cgt-hopital-manosque.fr\/index.php?rest_route=%2Fwp%2Fv2%2Ftags&post=2601"}],"curies":[{"name":"wp","href":"https:\/\/api.w.org\/{rel}","templated":true}]}}