{"id":2611,"date":"2014-05-27T19:29:37","date_gmt":"2014-05-27T19:29:37","guid":{"rendered":"http:\/\/www.cgt-hopital-manosque.fr\/?p=2611"},"modified":"2015-02-01T18:33:15","modified_gmt":"2015-02-01T18:33:15","slug":"28-mai-2014-le-combat-continue-pour-sauver-la-reanimation-de-briancon","status":"publish","type":"post","link":"http:\/\/www.cgt-hopital-manosque.fr\/?p=2611","title":{"rendered":"28 mai 2014 &#8211; Le combat continue pour sauver la r\u00e9animation de Brian\u00e7on"},"content":{"rendered":"<p><a href=\"http:\/\/www.cgt-hopital-manosque.fr\/wp-content\/uploads\/2014\/05\/419.-Le-combat-continue-pour-sauver-la-r\u00e9animation-de-Brian\u00e7on.jpg\"><img loading=\"lazy\" decoding=\"async\" src=\"http:\/\/www.cgt-hopital-manosque.fr\/wp-content\/uploads\/2014\/05\/419.-Le-combat-continue-pour-sauver-la-r\u00e9animation-de-Brian\u00e7on.jpg\" alt=\"\" width=\"500\" height=\"375\" class=\"aligncenter size-full wp-image-2612\" srcset=\"http:\/\/www.cgt-hopital-manosque.fr\/wp-content\/uploads\/2014\/05\/419.-Le-combat-continue-pour-sauver-la-r\u00e9animation-de-Brian\u00e7on.jpg 500w, http:\/\/www.cgt-hopital-manosque.fr\/wp-content\/uploads\/2014\/05\/419.-Le-combat-continue-pour-sauver-la-r\u00e9animation-de-Brian\u00e7on-300x225.jpg 300w\" sizes=\"(max-width: 500px) 100vw, 500px\" \/><\/a><\/p>\n<p style= \"text-align: justify;\">Le personnel de l&rsquo;h\u00f4pital de Brian\u00e7on fait face \u00e0 un plan de redressement. En ligne de mire, le service de r\u00e9animation de l&rsquo;\u00e9tablissement Haut-Alpin. L&rsquo;Agence r\u00e9gionale de sant\u00e9 estime que ce service n&rsquo;est plus rentable et annonce sa fermeture. Plusieurs centaines de personnes se sont rassembl\u00e9es \u00e0 plusieurs reprises contre cette fermeture. <\/p>\n<p style= \"text-align: justify;\">Cette fermeture se met en place plus t\u00f4t que pr\u00e9vu puisque des m\u00e9decins n&rsquo;ont pas \u00e9t\u00e9 remplac\u00e9s. Mais l&rsquo;ARS a-t-elle fait des efforts pour les remplacer ? Probablement pas ! <\/p>\n<p style= \"text-align: justify;\">Le service de r\u00e9animation se transforme en service de soins continus. Cons\u00e9quence : une cinquantaine de patients devront \u00eatre transf\u00e9rer vers les centre hospitaliers de Gap, Marseille ou Grenoble. Autre cons\u00e9quence : 15 morts par an, selon la m\u00e9thodologie de l&rsquo;\u00e9tude du CHU de Poitiers, sans compter les autres cons\u00e9quences sanitaires. <\/p>\n<p style= \"text-align: justify;\">Est-ce que la sant\u00e9 doit \u00eatre rentable ? C&rsquo;est la premi\u00e8re question qu&rsquo;il faut se poser. Ne croyez-vous pas que la sant\u00e9 est un droit pour tous quelque soit le prix que \u00e7a co\u00fbte ? <\/p>\n<p style= \"text-align: justify;\">Ensuite l&rsquo;autre question, c&rsquo;est l&rsquo;acc\u00e8s aux soins pour tous, quelque soient ses opinions, son appartenance religieuse, son niveau de vie etc&#8230;<br \/>\nL&rsquo;acc\u00e8s aux soins varie de 1h00 \u00e0 2h00 de route. Ce n&rsquo;est pas acceptable ! <\/p>\n<p style= \"text-align: justify;\">Face \u00e0 l\u2019intransigeance affich\u00e9e par l&rsquo;ARS, nous devons nous mobiliser pour sauver les services de r\u00e9animation et l\u2019acc\u00e8s \u00e0 des soins de qualit\u00e9 dans notre d\u00e9partement, et notre r\u00e9gion. <\/p>\n<p style= \"text-align: justify;\">Le PRS (Plan R\u00e9gional de Sant\u00e9) PACA pr\u00e9voit la fermeture de 11 r\u00e9animations sur la r\u00e9gion d&rsquo;ici 2016.<br \/>\nIl y avait 45 services il n\u2019y en aura plus que 34 alors que l\u2019accessibilit\u00e9 aux services de r\u00e9animation est d\u00e9j\u00e0 tr\u00e8s difficile et  les lits disponibles sont rares. <\/p>\n<p style= \"text-align: justify;\">De plus, la cr\u00e9ation de  r\u00e9animations s\u2019impose dans certains bassins sanitaires. Par exemple, dans la zone de Manosque, le manque de R\u00e9a \u00e9quivaut \u00e0 20 morts par an (selon la m\u00eame \u00e9tude de r\u00e9f\u00e9rence). <\/p>\n<p style= \"text-align: justify;\">Les repr\u00e9sentants de l&rsquo;Etat, les parlementaires et l&rsquo;ARS connaissent pourtant ces chiffres. <\/p>\n<p style= \"text-align: justify;\">Nous devons exiger la m\u00eame attention des pouvoirs publics sur la question des r\u00e9animations que sur la s\u00e9curit\u00e9 routi\u00e8re par exemple (19 tu\u00e9s sur la route pour le bassin sanitaire de Manosque  contre 20 par manque de R\u00e9a). <\/p>\n","protected":false},"excerpt":{"rendered":"<p>Le personnel de l&rsquo;h\u00f4pital de Brian\u00e7on fait face \u00e0 un plan de redressement. En ligne de mire, le service de r\u00e9animation de l&rsquo;\u00e9tablissement Haut-Alpin. L&rsquo;Agence r\u00e9gionale de sant\u00e9 estime que ce service n&rsquo;est plus rentable et annonce sa fermeture. Plusieurs centaines de personnes se sont rassembl\u00e9es \u00e0 plusieurs reprises contre cette fermeture. Cette fermeture se [&hellip;]<\/p>\n","protected":false},"author":1,"featured_media":0,"comment_status":"closed","ping_status":"open","sticky":false,"template":"","format":"standard","meta":{"footnotes":""},"categories":[8],"tags":[],"views":1924,"_links":{"self":[{"href":"http:\/\/www.cgt-hopital-manosque.fr\/index.php?rest_route=\/wp\/v2\/posts\/2611"}],"collection":[{"href":"http:\/\/www.cgt-hopital-manosque.fr\/index.php?rest_route=\/wp\/v2\/posts"}],"about":[{"href":"http:\/\/www.cgt-hopital-manosque.fr\/index.php?rest_route=\/wp\/v2\/types\/post"}],"author":[{"embeddable":true,"href":"http:\/\/www.cgt-hopital-manosque.fr\/index.php?rest_route=\/wp\/v2\/users\/1"}],"replies":[{"embeddable":true,"href":"http:\/\/www.cgt-hopital-manosque.fr\/index.php?rest_route=%2Fwp%2Fv2%2Fcomments&post=2611"}],"version-history":[{"count":4,"href":"http:\/\/www.cgt-hopital-manosque.fr\/index.php?rest_route=\/wp\/v2\/posts\/2611\/revisions"}],"predecessor-version":[{"id":2616,"href":"http:\/\/www.cgt-hopital-manosque.fr\/index.php?rest_route=\/wp\/v2\/posts\/2611\/revisions\/2616"}],"wp:attachment":[{"href":"http:\/\/www.cgt-hopital-manosque.fr\/index.php?rest_route=%2Fwp%2Fv2%2Fmedia&parent=2611"}],"wp:term":[{"taxonomy":"category","embeddable":true,"href":"http:\/\/www.cgt-hopital-manosque.fr\/index.php?rest_route=%2Fwp%2Fv2%2Fcategories&post=2611"},{"taxonomy":"post_tag","embeddable":true,"href":"http:\/\/www.cgt-hopital-manosque.fr\/index.php?rest_route=%2Fwp%2Fv2%2Ftags&post=2611"}],"curies":[{"name":"wp","href":"https:\/\/api.w.org\/{rel}","templated":true}]}}