{"id":2617,"date":"2014-05-30T10:33:33","date_gmt":"2014-05-30T10:33:33","guid":{"rendered":"http:\/\/www.cgt-hopital-manosque.fr\/?p=2617"},"modified":"2015-02-01T18:33:15","modified_gmt":"2015-02-01T18:33:15","slug":"30-mai-2014-le-tribunal-administratif-de-marseille-annule-la-decision-dorganisation","status":"publish","type":"post","link":"http:\/\/www.cgt-hopital-manosque.fr\/?p=2617","title":{"rendered":"30 mai 2014 &#8211; Le Tribunal administratif de Marseille annule la d\u00e9cision d&rsquo;organisation en 12h00 \u00e0 l&rsquo;AP-HM"},"content":{"rendered":"<p><a href=\"http:\/\/www.cgt-hopital-manosque.fr\/wp-content\/uploads\/2014\/05\/420.-Le-TA-de-Marseille-annule-la-d\u00e9cision-dorganisation-en-12h00-\u00e0-lAP-HM.jpg\"><img loading=\"lazy\" decoding=\"async\" src=\"http:\/\/www.cgt-hopital-manosque.fr\/wp-content\/uploads\/2014\/05\/420.-Le-TA-de-Marseille-annule-la-d\u00e9cision-dorganisation-en-12h00-\u00e0-lAP-HM.jpg\" alt=\"\" width=\"575\" height=\"307\" class=\"aligncenter size-full wp-image-2618\" srcset=\"http:\/\/www.cgt-hopital-manosque.fr\/wp-content\/uploads\/2014\/05\/420.-Le-TA-de-Marseille-annule-la-d\u00e9cision-dorganisation-en-12h00-\u00e0-lAP-HM.jpg 575w, http:\/\/www.cgt-hopital-manosque.fr\/wp-content\/uploads\/2014\/05\/420.-Le-TA-de-Marseille-annule-la-d\u00e9cision-dorganisation-en-12h00-\u00e0-lAP-HM-300x160.jpg 300w\" sizes=\"(max-width: 575px) 100vw, 575px\" \/><\/a><\/p>\n<p style= \"text-align: justify;\">Dans un jugement du 6 mars 2014, le Tribunal Administratif de Marseille vient  d&rsquo;annuler la d\u00e9cision du Directeur G\u00e9n\u00e9ral organisant le r\u00e9gime horaire des Urgences de l&rsquo;h\u00f4pital de la Conception selon un rythme de douze heures de jour ou de nuit qu&rsquo;il d\u00e9clare ill\u00e9gale. <\/p>\n<p style= \"text-align: justify;\">Le tribunal rappelle que la r\u00e9glementation est pr\u00e9cise et que le chef d&rsquo;\u00e9tablissement peut certes d\u00e9roger \u00e0 la dur\u00e9e quotidienne du travail fix\u00e9e pour les agents en travail continu sans que la journ\u00e9e de travail ne puisse d\u00e9passer douze heures mais uniquement lorsque les contraintes de continuit\u00e9 de service public l&rsquo;exigent en permanence. <\/p>\n<p style= \"text-align: justify;\">La direction de l&rsquo;AP-HM a indiqu\u00e9 qu&rsquo;elle ne ferait pas appel de cette d\u00e9cision. <\/p>\n","protected":false},"excerpt":{"rendered":"<p>Dans un jugement du 6 mars 2014, le Tribunal Administratif de Marseille vient d&rsquo;annuler la d\u00e9cision du Directeur G\u00e9n\u00e9ral organisant le r\u00e9gime horaire des Urgences de l&rsquo;h\u00f4pital de la Conception selon un rythme de douze heures de jour ou de nuit qu&rsquo;il d\u00e9clare ill\u00e9gale. Le tribunal rappelle que la r\u00e9glementation est pr\u00e9cise et que le [&hellip;]<\/p>\n","protected":false},"author":1,"featured_media":0,"comment_status":"closed","ping_status":"open","sticky":false,"template":"","format":"standard","meta":{"footnotes":""},"categories":[8],"tags":[],"views":1892,"_links":{"self":[{"href":"http:\/\/www.cgt-hopital-manosque.fr\/index.php?rest_route=\/wp\/v2\/posts\/2617"}],"collection":[{"href":"http:\/\/www.cgt-hopital-manosque.fr\/index.php?rest_route=\/wp\/v2\/posts"}],"about":[{"href":"http:\/\/www.cgt-hopital-manosque.fr\/index.php?rest_route=\/wp\/v2\/types\/post"}],"author":[{"embeddable":true,"href":"http:\/\/www.cgt-hopital-manosque.fr\/index.php?rest_route=\/wp\/v2\/users\/1"}],"replies":[{"embeddable":true,"href":"http:\/\/www.cgt-hopital-manosque.fr\/index.php?rest_route=%2Fwp%2Fv2%2Fcomments&post=2617"}],"version-history":[{"count":2,"href":"http:\/\/www.cgt-hopital-manosque.fr\/index.php?rest_route=\/wp\/v2\/posts\/2617\/revisions"}],"predecessor-version":[{"id":2620,"href":"http:\/\/www.cgt-hopital-manosque.fr\/index.php?rest_route=\/wp\/v2\/posts\/2617\/revisions\/2620"}],"wp:attachment":[{"href":"http:\/\/www.cgt-hopital-manosque.fr\/index.php?rest_route=%2Fwp%2Fv2%2Fmedia&parent=2617"}],"wp:term":[{"taxonomy":"category","embeddable":true,"href":"http:\/\/www.cgt-hopital-manosque.fr\/index.php?rest_route=%2Fwp%2Fv2%2Fcategories&post=2617"},{"taxonomy":"post_tag","embeddable":true,"href":"http:\/\/www.cgt-hopital-manosque.fr\/index.php?rest_route=%2Fwp%2Fv2%2Ftags&post=2617"}],"curies":[{"name":"wp","href":"https:\/\/api.w.org\/{rel}","templated":true}]}}