{"id":2629,"date":"2014-06-04T14:41:41","date_gmt":"2014-06-04T14:41:41","guid":{"rendered":"http:\/\/www.cgt-hopital-manosque.fr\/?p=2629"},"modified":"2015-02-01T18:33:15","modified_gmt":"2015-02-01T18:33:15","slug":"4-juin-2014-1336-jours-de-lutte-scop-t-i-cest-parti-une-victoire-syndicale-de-grande-portee","status":"publish","type":"post","link":"http:\/\/www.cgt-hopital-manosque.fr\/?p=2629","title":{"rendered":"4 juin 2014 &#8211; 1336 jours de lutte &#8211; SCOP T.I C\u2019EST PARTI &#8211; UNE VICTOIRE SYNDICALE DE GRANDE PORT\u00c9E"},"content":{"rendered":"<p style= \"text-align: justify;\">Dans notre assembl\u00e9e g\u00e9n\u00e9rale du dimanche 25 mai, les Fralibs ont d\u00e9cid\u00e9 \u00e0 l\u2019unanimit\u00e9 d\u2019approuver la signature d\u2019un protocole d\u2019accord avec le groupe UNILEVER.<br \/>\nCet accord a \u00e9t\u00e9 sign\u00e9 hier en fin d\u2019apr\u00e8s-midi \u00e0 l\u2019issu d\u2019une ultime r\u00e9union de n\u00e9gociation \u00e0 Paris. Il permet d\u2019ouvrir de r\u00e9elles perspectives de construction de notre SCOP.<br \/>\nLe minist\u00e8re du Travail et la Pr\u00e9sidence de la R\u00e9publique se sont investis dans la derni\u00e8re ligne droite et ont particip\u00e9 \u00e0 la r\u00e9alisation de ce protocole d\u2019accord par leur engagement. <\/p>\n<p style= \"text-align: justify;\">Cet accord s\u2019inscrit dans un processus de lutte puissant et organis\u00e9 par les salari\u00e9s et l\u2019ensemble de la CGT qui a recueilli une solidarit\u00e9 populaire massive d\u00e9velopp\u00e9e par leur Comit\u00e9 national de soutien.<br \/>\nSolidarit\u00e9 dans laquelle de nombreuses personnalit\u00e9s, organisations politiques et associatives se sont retrouv\u00e9es.<br \/>\nCet accord consolide les acquis arrach\u00e9s au cours des 1 336 jours de lutte et en engrange de nouveaux.<br \/>\nLes trop nombreuses tergiversations et l\u2019acceptation explicite de quelques dogmes patronaux affich\u00e9e par certains, n\u2019ont pas toujours contribu\u00e9 \u00e0 faire avancer nos revendications et nos propositions. Il aura fallu de la pers\u00e9v\u00e9rance et de l\u2019opini\u00e2tret\u00e9 de la part des salari\u00e9s en lutte pour agir pour le maintien de l\u2019emploi, le maintien et le d\u00e9veloppement de l\u2019outil industriel et de l\u2019\u00e9conomie de nos territoires. <\/p>\n<p style= \"text-align: justify;\">Le bilan de cette phase du combat de plus de 3 ans et demi confirme que seule l\u2019action paie.<br \/>\nPour rappel : <\/p>\n<p>* Appropriation publique des terrains et b\u00e2timents,<br \/>\n* Appropriation publique \u00e0 l\u2019euro symbolique des installations administratives et industrielles du site pour transfert \u00e0 la SCOP des salari\u00e9s,<br \/>\n* Soutien financier au d\u00e9marrage et au d\u00e9veloppement du plan alternatif des salari\u00e9s en s\u00e9curisant les acquis obtenus et en ouvrant des perspectives s\u00e9rieuses notamment par :<br \/>\n\t&#8211; Diverses mesures contribuant au d\u00e9veloppement commercial. Il s\u2019agit notamment de la recherche de d\u00e9bouch\u00e9s de production, la construction d\u2019une marque, le renforcement de l\u2019appareil commercial et administratif, une \u00e9tude de march\u00e9.<br \/>\n\t&#8211; Une contribution cons\u00e9quente au fonds de roulement<br \/>\n\t&#8211; Le financement d\u2019une formation pour les salari\u00e9s de la SCOP<br \/>\n\t&#8211; La participation \u00e0 la remise en \u00e9tat, au d\u00e9veloppement, \u00e0 la modernisation et \u00e0 la diversification de l\u2019outil de travail.<br \/>\n\t&#8211; Maintien des institutions repr\u00e9sentatives du personnel pendant une p\u00e9riode suffisante permettant la ma\u00eetrise du dossier jusqu\u2019\u00e0 la cr\u00e9ation officielle de la SCOP,<br \/>\n* Obtention d\u2019une prime substantielle de pr\u00e9judice pour chaque salari\u00e9 en lutte venant s\u2019ajouter aux indemnit\u00e9s l\u00e9gales, <\/p>\n<p style= \"text-align: justify;\">Ces acquis ont \u00e9t\u00e9 obtenus par une lutte efficace et courageuse des Fralibs, un soutien sans faille de toute la CGT et une solidarit\u00e9 populaire et militante large. <\/p>\n<p style= \"text-align: justify;\">Les r\u00e9sultats concrets de cette victoire syndicale sont des points d\u2019appui solides et encourageants \u00e0 la constitution et au d\u00e9veloppement de notre SCOP. <\/p>\n<p style= \"text-align: justify;\">Une nouvelle \u00e9tape de la bataille s\u2019ouvre. Nous nous y engageons avec d\u00e9termination, comme nous l\u2019avons fait depuis le d\u00e9but du conflit pour gagner les moyens n\u00e9cessaires au d\u00e9marrage, au d\u00e9veloppement et \u00e0 la p\u00e9rennit\u00e9 de SCOP TI.<br \/>\nLes pouvoirs publics, les collectivit\u00e9s territoriales, les structures de l\u2019\u00e9conomie sociale et solidaire ont des moyens cons\u00e9quents.<br \/>\nLes Fralibs et toute la CGT ne manqueront pas de leur rappeler leurs engagements et leurs responsabilit\u00e9s dans le respect des pr\u00e9rogatives de chacun. <\/p>\n<p style= \"text-align: justify;\">Alors que les conflits se multiplient, que les fermetures et les licenciements s\u2019acc\u00e9l\u00e8rent, notre lutte exemplaire est un succ\u00e8s pour tous les travailleurs de notre pays et d\u00e9montre que rien n\u2019est jamais jou\u00e9 d\u2019avance. La lutte continue. <\/p>\n<p style= \"text-align: justify;\">Amicalement les ex-salari\u00e9s de FRALIB et futur SCOPTISTES !!!<\/p>\n<p style= \"text-align: justify;\">\nLos Fralibos&#8230;. Les ouvriers de FRALIB chantent leur lutte<br \/>\nPour voir la vid\u00e9o :<br \/>\n<strong><a href=\"http:\/\/youtu.be\/A3KqeXcgy4w\" target=\"_blank\">CLIQUER ICI<\/a><\/strong><\/p>\n","protected":false},"excerpt":{"rendered":"<p>Dans notre assembl\u00e9e g\u00e9n\u00e9rale du dimanche 25 mai, les Fralibs ont d\u00e9cid\u00e9 \u00e0 l\u2019unanimit\u00e9 d\u2019approuver la signature d\u2019un protocole d\u2019accord avec le groupe UNILEVER. Cet accord a \u00e9t\u00e9 sign\u00e9 hier en fin d\u2019apr\u00e8s-midi \u00e0 l\u2019issu d\u2019une ultime r\u00e9union de n\u00e9gociation \u00e0 Paris. Il permet d\u2019ouvrir de r\u00e9elles perspectives de construction de notre SCOP. Le minist\u00e8re [&hellip;]<\/p>\n","protected":false},"author":1,"featured_media":0,"comment_status":"closed","ping_status":"open","sticky":false,"template":"","format":"standard","meta":{"footnotes":""},"categories":[8],"tags":[],"views":15717,"_links":{"self":[{"href":"http:\/\/www.cgt-hopital-manosque.fr\/index.php?rest_route=\/wp\/v2\/posts\/2629"}],"collection":[{"href":"http:\/\/www.cgt-hopital-manosque.fr\/index.php?rest_route=\/wp\/v2\/posts"}],"about":[{"href":"http:\/\/www.cgt-hopital-manosque.fr\/index.php?rest_route=\/wp\/v2\/types\/post"}],"author":[{"embeddable":true,"href":"http:\/\/www.cgt-hopital-manosque.fr\/index.php?rest_route=\/wp\/v2\/users\/1"}],"replies":[{"embeddable":true,"href":"http:\/\/www.cgt-hopital-manosque.fr\/index.php?rest_route=%2Fwp%2Fv2%2Fcomments&post=2629"}],"version-history":[{"count":3,"href":"http:\/\/www.cgt-hopital-manosque.fr\/index.php?rest_route=\/wp\/v2\/posts\/2629\/revisions"}],"predecessor-version":[{"id":2632,"href":"http:\/\/www.cgt-hopital-manosque.fr\/index.php?rest_route=\/wp\/v2\/posts\/2629\/revisions\/2632"}],"wp:attachment":[{"href":"http:\/\/www.cgt-hopital-manosque.fr\/index.php?rest_route=%2Fwp%2Fv2%2Fmedia&parent=2629"}],"wp:term":[{"taxonomy":"category","embeddable":true,"href":"http:\/\/www.cgt-hopital-manosque.fr\/index.php?rest_route=%2Fwp%2Fv2%2Fcategories&post=2629"},{"taxonomy":"post_tag","embeddable":true,"href":"http:\/\/www.cgt-hopital-manosque.fr\/index.php?rest_route=%2Fwp%2Fv2%2Ftags&post=2629"}],"curies":[{"name":"wp","href":"https:\/\/api.w.org\/{rel}","templated":true}]}}