{"id":2636,"date":"2014-06-07T08:35:03","date_gmt":"2014-06-07T08:35:03","guid":{"rendered":"http:\/\/www.cgt-hopital-manosque.fr\/?p=2636"},"modified":"2015-02-01T18:33:14","modified_gmt":"2015-02-01T18:33:14","slug":"7-juin-2014-arrete-du-3-juin-2014-fixant-la-date-des-elections-pour-le-renouvellement-general-des-capl-capd-capn-et-cte","status":"publish","type":"post","link":"http:\/\/www.cgt-hopital-manosque.fr\/?p=2636","title":{"rendered":"7 juin 2014 &#8211; Arr\u00eat\u00e9 du 3 juin 2014 fixant la date des \u00e9lections pour le renouvellement g\u00e9n\u00e9ral des CAPL, CAPD, CAPN et CTE"},"content":{"rendered":"<p style= \"text-align: justify;\">La date des \u00e9lections pour le renouvellement g\u00e9n\u00e9ral des commissions administratives paritaires locales et d\u00e9partementales du personnel des \u00e9tablissements mentionn\u00e9s \u00e0 l&rsquo;article 2 de la loi du 9 janvier 1986 susvis\u00e9e, autres que celles comp\u00e9tentes pour l&rsquo;Assistance publique-h\u00f4pitaux de Paris, des comit\u00e9s techniques d&rsquo;\u00e9tablissement des \u00e9tablissements mentionn\u00e9s \u00e0 l&rsquo;article 2 de la loi pr\u00e9cit\u00e9e, des commissions administratives paritaires nationales de la fonction publique hospitali\u00e8re et des comit\u00e9s consultatifs nationaux institu\u00e9s par l&rsquo;article 25 de la m\u00eame loi, est fix\u00e9e au jeudi 4 d\u00e9cembre 2014 pour l&rsquo;ensemble du territoire de la R\u00e9publique fran\u00e7aise. <\/p>\n<p style= \"text-align: justify;\">Il est mis fin au mandat des repr\u00e9sentants des personnels des comit\u00e9s techniques et des commissions administratives paritaires mentionn\u00e9s en annexe du pr\u00e9sent arr\u00eat\u00e9 le 31 d\u00e9cembre 2014. Le mandat des nouveaux repr\u00e9sentants des personnels au sein de ces instances d\u00e9bute \u00e0 compter de la date d&rsquo;entr\u00e9e en vigueur de l&rsquo;acte les nommant, et au plus tard, le 2 f\u00e9vrier 2015.<br \/>\nLe renouvellement des repr\u00e9sentants des personnels au sein des comit\u00e9s d&rsquo;hygi\u00e8ne, de s\u00e9curit\u00e9 et des conditions de travail intervient, conform\u00e9ment aux dispositions de l&rsquo;article R. 4615-10 du code du travail, dans un d\u00e9lai de trois mois \u00e0 compter du renouvellement du comit\u00e9 technique d&rsquo;\u00e9tablissement. <\/p>\n<p style= \"text-align: justify;\">\nPour consulter ce texte ,  <strong><a href=\"http:\/\/www.legifrance.gouv.fr\/affichTexte.do?cidTexte=JORFTEXT000029039540&#038;dateTexte=&#038;categorieLien=id\" target=\"_blank\">CLIQUER ICI<\/a><\/strong><\/p>\n","protected":false},"excerpt":{"rendered":"<p>La date des \u00e9lections pour le renouvellement g\u00e9n\u00e9ral des commissions administratives paritaires locales et d\u00e9partementales du personnel des \u00e9tablissements mentionn\u00e9s \u00e0 l&rsquo;article 2 de la loi du 9 janvier 1986 susvis\u00e9e, autres que celles comp\u00e9tentes pour l&rsquo;Assistance publique-h\u00f4pitaux de Paris, des comit\u00e9s techniques d&rsquo;\u00e9tablissement des \u00e9tablissements mentionn\u00e9s \u00e0 l&rsquo;article 2 de la loi pr\u00e9cit\u00e9e, des [&hellip;]<\/p>\n","protected":false},"author":1,"featured_media":0,"comment_status":"closed","ping_status":"open","sticky":false,"template":"","format":"standard","meta":{"footnotes":""},"categories":[8],"tags":[],"views":33204,"_links":{"self":[{"href":"http:\/\/www.cgt-hopital-manosque.fr\/index.php?rest_route=\/wp\/v2\/posts\/2636"}],"collection":[{"href":"http:\/\/www.cgt-hopital-manosque.fr\/index.php?rest_route=\/wp\/v2\/posts"}],"about":[{"href":"http:\/\/www.cgt-hopital-manosque.fr\/index.php?rest_route=\/wp\/v2\/types\/post"}],"author":[{"embeddable":true,"href":"http:\/\/www.cgt-hopital-manosque.fr\/index.php?rest_route=\/wp\/v2\/users\/1"}],"replies":[{"embeddable":true,"href":"http:\/\/www.cgt-hopital-manosque.fr\/index.php?rest_route=%2Fwp%2Fv2%2Fcomments&post=2636"}],"version-history":[{"count":1,"href":"http:\/\/www.cgt-hopital-manosque.fr\/index.php?rest_route=\/wp\/v2\/posts\/2636\/revisions"}],"predecessor-version":[{"id":2637,"href":"http:\/\/www.cgt-hopital-manosque.fr\/index.php?rest_route=\/wp\/v2\/posts\/2636\/revisions\/2637"}],"wp:attachment":[{"href":"http:\/\/www.cgt-hopital-manosque.fr\/index.php?rest_route=%2Fwp%2Fv2%2Fmedia&parent=2636"}],"wp:term":[{"taxonomy":"category","embeddable":true,"href":"http:\/\/www.cgt-hopital-manosque.fr\/index.php?rest_route=%2Fwp%2Fv2%2Fcategories&post=2636"},{"taxonomy":"post_tag","embeddable":true,"href":"http:\/\/www.cgt-hopital-manosque.fr\/index.php?rest_route=%2Fwp%2Fv2%2Ftags&post=2636"}],"curies":[{"name":"wp","href":"https:\/\/api.w.org\/{rel}","templated":true}]}}