{"id":2638,"date":"2014-06-09T18:21:16","date_gmt":"2014-06-09T18:21:16","guid":{"rendered":"http:\/\/www.cgt-hopital-manosque.fr\/?p=2638"},"modified":"2015-02-01T18:33:14","modified_gmt":"2015-02-01T18:33:14","slug":"10-juin-2014-la-reanimation-et-la-sante-en-etat-durgence-a-manosque-et-dans-toute-la-region-paca","status":"publish","type":"post","link":"http:\/\/www.cgt-hopital-manosque.fr\/?p=2638","title":{"rendered":"10 juin 2014 &#8211; La r\u00e9animation et la sant\u00e9 en \u00e9tat d&rsquo;urgence : \u00e0 Manosque&#8230;et dans toute la r\u00e9gion PACA"},"content":{"rendered":"<p style= \"text-align: justify;\">Le Collectif \u00ab\u00a0pour une r\u00e9a \u00e0 Manosque\u00a0\u00bb est aux avant postes d&rsquo;un mouvement d&rsquo;ampleur r\u00e9gionale. Des attaques sans pr\u00e9c\u00e9dent se pr\u00e9parent contre la sant\u00e9 en PACA avec de nombreux projets de restructurations et fermetures de services. Ce sont les patients et les personnels hospitaliers qui vont en faire les frais. La CGT se place en premi\u00e8re ligne pour d\u00e9noncer cette politique, la m\u00e9thode employ\u00e9e (sans concertation) et les cons\u00e9quences d\u00e9sastreuses. <\/p>\n<p style= \"text-align: justify;\">Pour agrandir et lire l&rsquo;article complet de La Marseillaise du 7 juin 2014 sur les r\u00e9animations et la sant\u00e9 en PACA (\u00e9dition r\u00e9gionale), cliquer sur les liens ci-dessous.\n<\/p>\n<p><a href=\"http:\/\/www.cgt-hopital-manosque.fr\/wp-content\/uploads\/2014\/06\/429.-1-Photo-1\u00e8re-page.jpg\"><img loading=\"lazy\" decoding=\"async\" src=\"http:\/\/www.cgt-hopital-manosque.fr\/wp-content\/uploads\/2014\/06\/429.-1-Photo-1\u00e8re-page.jpg\" alt=\"429. (1) Photo 1\u00e8re page\" width=\"1389\" height=\"1299\" class=\"aligncenter size-full wp-image-2639\" srcset=\"http:\/\/www.cgt-hopital-manosque.fr\/wp-content\/uploads\/2014\/06\/429.-1-Photo-1\u00e8re-page.jpg 1389w, http:\/\/www.cgt-hopital-manosque.fr\/wp-content\/uploads\/2014\/06\/429.-1-Photo-1\u00e8re-page-300x280.jpg 300w, http:\/\/www.cgt-hopital-manosque.fr\/wp-content\/uploads\/2014\/06\/429.-1-Photo-1\u00e8re-page-1024x957.jpg 1024w\" sizes=\"(max-width: 1389px) 100vw, 1389px\" \/><\/a><\/p>\n<p><a href=\"http:\/\/www.cgt-hopital-manosque.fr\/wp-content\/uploads\/2014\/06\/429.-2-Page-r\u00e9gionale-haut.jpg\"><img loading=\"lazy\" decoding=\"async\" src=\"http:\/\/www.cgt-hopital-manosque.fr\/wp-content\/uploads\/2014\/06\/429.-2-Page-r\u00e9gionale-haut.jpg\" alt=\"429. (2) Page r\u00e9gionale (haut)\" width=\"3507\" height=\"2550\" class=\"aligncenter size-full wp-image-2640\" srcset=\"http:\/\/www.cgt-hopital-manosque.fr\/wp-content\/uploads\/2014\/06\/429.-2-Page-r\u00e9gionale-haut.jpg 3507w, http:\/\/www.cgt-hopital-manosque.fr\/wp-content\/uploads\/2014\/06\/429.-2-Page-r\u00e9gionale-haut-300x218.jpg 300w, http:\/\/www.cgt-hopital-manosque.fr\/wp-content\/uploads\/2014\/06\/429.-2-Page-r\u00e9gionale-haut-1024x744.jpg 1024w\" sizes=\"(max-width: 3507px) 100vw, 3507px\" \/><\/a><\/p>\n<p><a href=\"http:\/\/www.cgt-hopital-manosque.fr\/wp-content\/uploads\/2014\/06\/429.-3-Page-r\u00e9gionale-bas.jpg\"><img loading=\"lazy\" decoding=\"async\" src=\"http:\/\/www.cgt-hopital-manosque.fr\/wp-content\/uploads\/2014\/06\/429.-3-Page-r\u00e9gionale-bas.jpg\" alt=\"429. (3) Page r\u00e9gionale (bas)\" width=\"3507\" height=\"2550\" class=\"aligncenter size-full wp-image-2641\" srcset=\"http:\/\/www.cgt-hopital-manosque.fr\/wp-content\/uploads\/2014\/06\/429.-3-Page-r\u00e9gionale-bas.jpg 3507w, http:\/\/www.cgt-hopital-manosque.fr\/wp-content\/uploads\/2014\/06\/429.-3-Page-r\u00e9gionale-bas-300x218.jpg 300w, http:\/\/www.cgt-hopital-manosque.fr\/wp-content\/uploads\/2014\/06\/429.-3-Page-r\u00e9gionale-bas-1024x744.jpg 1024w\" sizes=\"(max-width: 3507px) 100vw, 3507px\" \/><\/a><\/p>\n","protected":false},"excerpt":{"rendered":"<p>Le Collectif \u00ab\u00a0pour une r\u00e9a \u00e0 Manosque\u00a0\u00bb est aux avant postes d&rsquo;un mouvement d&rsquo;ampleur r\u00e9gionale. Des attaques sans pr\u00e9c\u00e9dent se pr\u00e9parent contre la sant\u00e9 en PACA avec de nombreux projets de restructurations et fermetures de services. Ce sont les patients et les personnels hospitaliers qui vont en faire les frais. La CGT se place en [&hellip;]<\/p>\n","protected":false},"author":1,"featured_media":0,"comment_status":"closed","ping_status":"open","sticky":false,"template":"","format":"standard","meta":{"footnotes":""},"categories":[7,8],"tags":[],"views":2866,"_links":{"self":[{"href":"http:\/\/www.cgt-hopital-manosque.fr\/index.php?rest_route=\/wp\/v2\/posts\/2638"}],"collection":[{"href":"http:\/\/www.cgt-hopital-manosque.fr\/index.php?rest_route=\/wp\/v2\/posts"}],"about":[{"href":"http:\/\/www.cgt-hopital-manosque.fr\/index.php?rest_route=\/wp\/v2\/types\/post"}],"author":[{"embeddable":true,"href":"http:\/\/www.cgt-hopital-manosque.fr\/index.php?rest_route=\/wp\/v2\/users\/1"}],"replies":[{"embeddable":true,"href":"http:\/\/www.cgt-hopital-manosque.fr\/index.php?rest_route=%2Fwp%2Fv2%2Fcomments&post=2638"}],"version-history":[{"count":6,"href":"http:\/\/www.cgt-hopital-manosque.fr\/index.php?rest_route=\/wp\/v2\/posts\/2638\/revisions"}],"predecessor-version":[{"id":2647,"href":"http:\/\/www.cgt-hopital-manosque.fr\/index.php?rest_route=\/wp\/v2\/posts\/2638\/revisions\/2647"}],"wp:attachment":[{"href":"http:\/\/www.cgt-hopital-manosque.fr\/index.php?rest_route=%2Fwp%2Fv2%2Fmedia&parent=2638"}],"wp:term":[{"taxonomy":"category","embeddable":true,"href":"http:\/\/www.cgt-hopital-manosque.fr\/index.php?rest_route=%2Fwp%2Fv2%2Fcategories&post=2638"},{"taxonomy":"post_tag","embeddable":true,"href":"http:\/\/www.cgt-hopital-manosque.fr\/index.php?rest_route=%2Fwp%2Fv2%2Ftags&post=2638"}],"curies":[{"name":"wp","href":"https:\/\/api.w.org\/{rel}","templated":true}]}}