{"id":2694,"date":"2014-06-18T18:13:04","date_gmt":"2014-06-18T18:13:04","guid":{"rendered":"http:\/\/www.cgt-hopital-manosque.fr\/?p=2694"},"modified":"2015-02-01T18:33:11","modified_gmt":"2015-02-01T18:33:11","slug":"19-juin-2014-attention-le-nouveau-journal-de-lud-cgt-04-vient-de-sortir","status":"publish","type":"post","link":"http:\/\/www.cgt-hopital-manosque.fr\/?p=2694","title":{"rendered":"19 juin 2014 &#8211; Attention : le nouveau journal de l&rsquo;UD CGT 04 vient de sortir"},"content":{"rendered":"<p><a href=\"http:\/\/www.cgt-hopital-manosque.fr\/wp-content\/uploads\/2014\/06\/434.-Journal-UD-04-du-mois-de-juin-2014-OK-A-INSERER.jpg\"><img loading=\"lazy\" decoding=\"async\" src=\"http:\/\/www.cgt-hopital-manosque.fr\/wp-content\/uploads\/2014\/06\/434.-Journal-UD-04-du-mois-de-juin-2014-OK-A-INSERER.jpg\" alt=\"434. Journal UD 04 du mois de juin 2014 (OK A INSERER)\" width=\"600\" height=\"851\" class=\"aligncenter size-full wp-image-2695\" srcset=\"http:\/\/www.cgt-hopital-manosque.fr\/wp-content\/uploads\/2014\/06\/434.-Journal-UD-04-du-mois-de-juin-2014-OK-A-INSERER.jpg 600w, http:\/\/www.cgt-hopital-manosque.fr\/wp-content\/uploads\/2014\/06\/434.-Journal-UD-04-du-mois-de-juin-2014-OK-A-INSERER-211x300.jpg 211w\" sizes=\"(max-width: 600px) 100vw, 600px\" \/><\/a><\/p>\n<p style= \"text-align: justify;\">Le nouveau journal de l&rsquo;Union D\u00e9partementale des Syndicats CGT du 04 vient de sortir. Devraient \u00eatre r\u00e9alis\u00e9s 11 num\u00e9ros par an (juillet\/ao\u00fbt group\u00e9s). Il s&rsquo;appelle \u00ab\u00a0Ans\u00e8n\u00a0\u00bb, ce qui signifie \u00ab\u00a0Ensemble\u00a0\u00bb en proven\u00e7al. <\/p>\n<p style= \"text-align: justify;\"><strong>Sommaire :<\/strong> <\/p>\n<p style= \"text-align: justify;\">Page 1 : Edito d&rsquo;Alain Bard, SG UD CGT 04<br \/>\nPage 2 et 3 : Retour sur le 29\u00e8me congr\u00e8s de l&rsquo;UD<br \/>\nPage 4 : Vos questions \/ Nos r\u00e9ponses<br \/>\nPage 5 : Don de jour de repos, un point sur la loi<br \/>\nPage 6 : Interview de Jean-Fran\u00e7ois Pellarrey sur la formation professionnelle<br \/>\nPage 7 : Interview de Ghislaine Roussel sur les \u00e9lections professionnelles<br \/>\nPage 8 : Interview de Patrick Loriou : \u00ab\u00a0le conseiller du salari\u00e9\u00a0\u00bb<br \/>\nPage 9 : Les luttes en cours<br \/>\nPage 10 : Le grand march\u00e9 transatlantique<br \/>\nPage 11 : Un peu d&rsquo;humour<br \/>\nPage 12 : Les travailleurs sont-ils manipul\u00e9s? <\/p>\n<p style= \"text-align: justify;\">\nPour consulter le journal,  <strong><a href=\"http:\/\/www.cgt-hopital-manosque.fr\/wp-content\/uploads\/2014\/06\/434.-Journal-UD-04-du-mois-de-juin-2014-OK-A-INSERER.pdf\">CLIQUER ICI<\/a><\/strong><\/p>\n","protected":false},"excerpt":{"rendered":"<p>Le nouveau journal de l&rsquo;Union D\u00e9partementale des Syndicats CGT du 04 vient de sortir. Devraient \u00eatre r\u00e9alis\u00e9s 11 num\u00e9ros par an (juillet\/ao\u00fbt group\u00e9s). Il s&rsquo;appelle \u00ab\u00a0Ans\u00e8n\u00a0\u00bb, ce qui signifie \u00ab\u00a0Ensemble\u00a0\u00bb en proven\u00e7al. Sommaire : Page 1 : Edito d&rsquo;Alain Bard, SG UD CGT 04 Page 2 et 3 : Retour sur le 29\u00e8me congr\u00e8s de [&hellip;]<\/p>\n","protected":false},"author":1,"featured_media":0,"comment_status":"closed","ping_status":"closed","sticky":false,"template":"","format":"standard","meta":{"footnotes":""},"categories":[7],"tags":[],"views":16667,"_links":{"self":[{"href":"http:\/\/www.cgt-hopital-manosque.fr\/index.php?rest_route=\/wp\/v2\/posts\/2694"}],"collection":[{"href":"http:\/\/www.cgt-hopital-manosque.fr\/index.php?rest_route=\/wp\/v2\/posts"}],"about":[{"href":"http:\/\/www.cgt-hopital-manosque.fr\/index.php?rest_route=\/wp\/v2\/types\/post"}],"author":[{"embeddable":true,"href":"http:\/\/www.cgt-hopital-manosque.fr\/index.php?rest_route=\/wp\/v2\/users\/1"}],"replies":[{"embeddable":true,"href":"http:\/\/www.cgt-hopital-manosque.fr\/index.php?rest_route=%2Fwp%2Fv2%2Fcomments&post=2694"}],"version-history":[{"count":1,"href":"http:\/\/www.cgt-hopital-manosque.fr\/index.php?rest_route=\/wp\/v2\/posts\/2694\/revisions"}],"predecessor-version":[{"id":2697,"href":"http:\/\/www.cgt-hopital-manosque.fr\/index.php?rest_route=\/wp\/v2\/posts\/2694\/revisions\/2697"}],"wp:attachment":[{"href":"http:\/\/www.cgt-hopital-manosque.fr\/index.php?rest_route=%2Fwp%2Fv2%2Fmedia&parent=2694"}],"wp:term":[{"taxonomy":"category","embeddable":true,"href":"http:\/\/www.cgt-hopital-manosque.fr\/index.php?rest_route=%2Fwp%2Fv2%2Fcategories&post=2694"},{"taxonomy":"post_tag","embeddable":true,"href":"http:\/\/www.cgt-hopital-manosque.fr\/index.php?rest_route=%2Fwp%2Fv2%2Ftags&post=2694"}],"curies":[{"name":"wp","href":"https:\/\/api.w.org\/{rel}","templated":true}]}}