{"id":2698,"date":"2014-06-19T19:46:57","date_gmt":"2014-06-19T19:46:57","guid":{"rendered":"http:\/\/www.cgt-hopital-manosque.fr\/?p=2698"},"modified":"2015-02-01T18:33:11","modified_gmt":"2015-02-01T18:33:11","slug":"20-juin-2014-reanimation-de-briancon-la-cgt-05-repond-a-la-cfdt-05","status":"publish","type":"post","link":"http:\/\/www.cgt-hopital-manosque.fr\/?p=2698","title":{"rendered":"20 juin 2014 &#8211; R\u00e9animation de Brian\u00e7on : La CGT 05 r\u00e9pond \u00e0 la CFDT 05"},"content":{"rendered":"<p><a href=\"http:\/\/www.cgt-hopital-manosque.fr\/wp-content\/uploads\/2014\/06\/435.-Photo-pour-article-CGT-05.jpg\"><img loading=\"lazy\" decoding=\"async\" src=\"http:\/\/www.cgt-hopital-manosque.fr\/wp-content\/uploads\/2014\/06\/435.-Photo-pour-article-CGT-05.jpg\" alt=\"\" width=\"500\" height=\"375\" class=\"aligncenter size-full wp-image-2700\" srcset=\"http:\/\/www.cgt-hopital-manosque.fr\/wp-content\/uploads\/2014\/06\/435.-Photo-pour-article-CGT-05.jpg 500w, http:\/\/www.cgt-hopital-manosque.fr\/wp-content\/uploads\/2014\/06\/435.-Photo-pour-article-CGT-05-300x225.jpg 300w\" sizes=\"(max-width: 500px) 100vw, 500px\" \/><\/a><\/p>\n<p style= \"text-align: justify;\">Partant du principe que les h\u00f4pitaux sont malades des politiques de sant\u00e9 lib\u00e9rales, que l&rsquo;h\u00f4pital n&rsquo;est pas une entreprise, que les patients ne sont pas des clients, qu&rsquo;il n\u2019est pas question de parler de co\u00fbt ou rentabilit\u00e9 en mati\u00e8re de Sant\u00e9 et que l&rsquo;acc\u00e8s aux soins passe par un service public accessible \u00e0 tous et ce quelque soit la religion, le niveau social, le milieu de vie : la CGT 05 r\u00e9pond \u00e0 une interview de la CFDT 05 dans le Dauphin\u00e9 au travers d&rsquo;un communiqu\u00e9 de presse.<\/p>\n<p style= \"text-align: justify;\">\nPour lire le communiqu\u00e9,  <strong><a href=\"http:\/\/www.cgt-hopital-manosque.fr\/wp-content\/uploads\/2014\/06\/435.-Communiqu\u00e9-CGT-05-en-r\u00e9ponse-\u00e0-la-CFDT.pdf\">CLIQUER ICI<\/a><\/strong><\/p>\n","protected":false},"excerpt":{"rendered":"<p>Partant du principe que les h\u00f4pitaux sont malades des politiques de sant\u00e9 lib\u00e9rales, que l&rsquo;h\u00f4pital n&rsquo;est pas une entreprise, que les patients ne sont pas des clients, qu&rsquo;il n\u2019est pas question de parler de co\u00fbt ou rentabilit\u00e9 en mati\u00e8re de Sant\u00e9 et que l&rsquo;acc\u00e8s aux soins passe par un service public accessible \u00e0 tous et [&hellip;]<\/p>\n","protected":false},"author":1,"featured_media":0,"comment_status":"closed","ping_status":"closed","sticky":false,"template":"","format":"standard","meta":{"footnotes":""},"categories":[8],"tags":[],"views":59467,"_links":{"self":[{"href":"http:\/\/www.cgt-hopital-manosque.fr\/index.php?rest_route=\/wp\/v2\/posts\/2698"}],"collection":[{"href":"http:\/\/www.cgt-hopital-manosque.fr\/index.php?rest_route=\/wp\/v2\/posts"}],"about":[{"href":"http:\/\/www.cgt-hopital-manosque.fr\/index.php?rest_route=\/wp\/v2\/types\/post"}],"author":[{"embeddable":true,"href":"http:\/\/www.cgt-hopital-manosque.fr\/index.php?rest_route=\/wp\/v2\/users\/1"}],"replies":[{"embeddable":true,"href":"http:\/\/www.cgt-hopital-manosque.fr\/index.php?rest_route=%2Fwp%2Fv2%2Fcomments&post=2698"}],"version-history":[{"count":5,"href":"http:\/\/www.cgt-hopital-manosque.fr\/index.php?rest_route=\/wp\/v2\/posts\/2698\/revisions"}],"predecessor-version":[{"id":2704,"href":"http:\/\/www.cgt-hopital-manosque.fr\/index.php?rest_route=\/wp\/v2\/posts\/2698\/revisions\/2704"}],"wp:attachment":[{"href":"http:\/\/www.cgt-hopital-manosque.fr\/index.php?rest_route=%2Fwp%2Fv2%2Fmedia&parent=2698"}],"wp:term":[{"taxonomy":"category","embeddable":true,"href":"http:\/\/www.cgt-hopital-manosque.fr\/index.php?rest_route=%2Fwp%2Fv2%2Fcategories&post=2698"},{"taxonomy":"post_tag","embeddable":true,"href":"http:\/\/www.cgt-hopital-manosque.fr\/index.php?rest_route=%2Fwp%2Fv2%2Ftags&post=2698"}],"curies":[{"name":"wp","href":"https:\/\/api.w.org\/{rel}","templated":true}]}}