{"id":2712,"date":"2014-06-23T20:14:05","date_gmt":"2014-06-23T20:14:05","guid":{"rendered":"http:\/\/www.cgt-hopital-manosque.fr\/?p=2712"},"modified":"2015-02-01T18:33:11","modified_gmt":"2015-02-01T18:33:11","slug":"24-juin-2014-les-salaries-de-lhopital-des-mees-en-colere-se-sont-reunis-en-assemblee-generale","status":"publish","type":"post","link":"http:\/\/www.cgt-hopital-manosque.fr\/?p=2712","title":{"rendered":"24 juin 2014 &#8211; Les salari\u00e9s de l&rsquo;h\u00f4pital des M\u00e9es en col\u00e8re se sont r\u00e9unis en assembl\u00e9e g\u00e9n\u00e9rale"},"content":{"rendered":"<p><a href=\"http:\/\/www.cgt-hopital-manosque.fr\/wp-content\/uploads\/2014\/06\/436.-Les-salari\u00e9s-de-lh\u00f4pital-des-M\u00e9es-en-col\u00e8re-se-sont-r\u00e9unis-en-assembl\u00e9e-g\u00e9n\u00e9rale-OK-A-INSERER.jpg\"><img loading=\"lazy\" decoding=\"async\" src=\"http:\/\/www.cgt-hopital-manosque.fr\/wp-content\/uploads\/2014\/06\/436.-Les-salari\u00e9s-de-lh\u00f4pital-des-M\u00e9es-en-col\u00e8re-se-sont-r\u00e9unis-en-assembl\u00e9e-g\u00e9n\u00e9rale-OK-A-INSERER.jpg\" alt=\"\" width=\"302\" height=\"201\" class=\"aligncenter size-full wp-image-2713\" srcset=\"http:\/\/www.cgt-hopital-manosque.fr\/wp-content\/uploads\/2014\/06\/436.-Les-salari\u00e9s-de-lh\u00f4pital-des-M\u00e9es-en-col\u00e8re-se-sont-r\u00e9unis-en-assembl\u00e9e-g\u00e9n\u00e9rale-OK-A-INSERER.jpg 302w, http:\/\/www.cgt-hopital-manosque.fr\/wp-content\/uploads\/2014\/06\/436.-Les-salari\u00e9s-de-lh\u00f4pital-des-M\u00e9es-en-col\u00e8re-se-sont-r\u00e9unis-en-assembl\u00e9e-g\u00e9n\u00e9rale-OK-A-INSERER-300x199.jpg 300w\" sizes=\"(max-width: 302px) 100vw, 302px\" \/><\/a><\/p>\n<p style= \"text-align: justify;\"> <strong>Les salari\u00e9s de l\u2019h\u00f4pital des M\u00e9es et le syndicat USDS CGT 04 se sont r\u00e9unis en Assembl\u00e9e g\u00e9n\u00e9rale les 12 et 22 mai. Ils ,Elles luttent contre la r\u00e9organisation du travail sans consultation pr\u00e9alable du CHSCT. Ils, Elles interpellent les \u00e9lu(e)s, la tutelle, l\u2019Inspecteur du Travail, le M\u00e9decin du Travail. Ils, elles d\u00e9cident de lire une motion dans les instances, et r\u00e9clament la r\u00e9union du CHSCT . <\/strong><\/p>\n<p style= \"text-align: justify;\"> <strong>MOTION: <\/strong>Les personnels de l\u2019h\u00f4pital local des M\u00e9es, inform\u00e9s des modifications \u00e0 venir dans l\u2019organisation du travail, refusent de cautionner une d\u00e9gradation de leurs conditions de travail induisant in\u00e9vitablement une baisse de la qualit\u00e9 des soins dispens\u00e9s aux r\u00e9sidents et une incidence majeure tant sur les risques psycho sociaux que sur la sant\u00e9 des salari\u00e9(e)s. <\/p>\n<p style= \"text-align: justify;\">En effet il semblerait que la premi\u00e8re modification soit appliqu\u00e9e au service du SSIAD d\u00e8s le mois de juin 2014. Par souci d\u2019\u00e9conomie la Direction r\u00e9duirait le nombre de \u00ab tourn\u00e9es \u00bb. De ce fait les personnels assumeraient chacun la prise en charge de plus de 10 patients de 7h30 \u00e0 12h30. Si l&rsquo;on rajoute le temps de d\u00e9placement, on peut raisonnablement poser les questions qui nous pr\u00e9occupent. <\/p>\n<p style= \"text-align: justify;\">La bien-traitance pour les r\u00e9sidents et les personnels, les soins, l&rsquo;\u00e9coute, le respect de leur qua-lit\u00e9 de vie en institution, l\u2019accompagnement au repas, l&rsquo;hygi\u00e8ne des locaux,&#8230;ne peuvent s\u2019entendre qu\u2019avec des effectifs ad\u00e9quats. <\/p>\n<p style= \"text-align: justify;\">Les salari\u00e9(e)s r\u00e9uni(e)s en AG r\u00e9clament la tenue d\u2019un CHSCT extraordinaire et l\u2019ouverture de n\u00e9gociations sur ces questions de r\u00e9organisation du travail. Le cas \u00e9ch\u00e9ant, nous laisserons aux gestionnaires le soin d&rsquo;expliquer aux familles et aux r\u00e9sidents la cons\u00e9quence de ces modifications pour un tarif identique voire augment\u00e9 chaque ann\u00e9e.<br \/>\nIl en va de la responsabilit\u00e9 de l\u2019administration de l\u2019h\u00f4pital, de Mesdames Messieurs les m\u00e9decins, directeurs, \u00e9lus et tutelle de garantir une r\u00e9ponse de qualit\u00e9 aux besoins de nos anciens afin d\u2019humaniser au maximum cette derni\u00e8re tranche de leur vie et de leur apporter tout le confort physique et psychique auquel ils peuvent pr\u00e9tendre. <\/p>\n","protected":false},"excerpt":{"rendered":"<p>Les salari\u00e9s de l\u2019h\u00f4pital des M\u00e9es et le syndicat USDS CGT 04 se sont r\u00e9unis en Assembl\u00e9e g\u00e9n\u00e9rale les 12 et 22 mai. Ils ,Elles luttent contre la r\u00e9organisation du travail sans consultation pr\u00e9alable du CHSCT. Ils, Elles interpellent les \u00e9lu(e)s, la tutelle, l\u2019Inspecteur du Travail, le M\u00e9decin du Travail. Ils, elles d\u00e9cident de lire [&hellip;]<\/p>\n","protected":false},"author":1,"featured_media":0,"comment_status":"closed","ping_status":"closed","sticky":false,"template":"","format":"standard","meta":{"footnotes":""},"categories":[8],"tags":[],"views":28957,"_links":{"self":[{"href":"http:\/\/www.cgt-hopital-manosque.fr\/index.php?rest_route=\/wp\/v2\/posts\/2712"}],"collection":[{"href":"http:\/\/www.cgt-hopital-manosque.fr\/index.php?rest_route=\/wp\/v2\/posts"}],"about":[{"href":"http:\/\/www.cgt-hopital-manosque.fr\/index.php?rest_route=\/wp\/v2\/types\/post"}],"author":[{"embeddable":true,"href":"http:\/\/www.cgt-hopital-manosque.fr\/index.php?rest_route=\/wp\/v2\/users\/1"}],"replies":[{"embeddable":true,"href":"http:\/\/www.cgt-hopital-manosque.fr\/index.php?rest_route=%2Fwp%2Fv2%2Fcomments&post=2712"}],"version-history":[{"count":3,"href":"http:\/\/www.cgt-hopital-manosque.fr\/index.php?rest_route=\/wp\/v2\/posts\/2712\/revisions"}],"predecessor-version":[{"id":2724,"href":"http:\/\/www.cgt-hopital-manosque.fr\/index.php?rest_route=\/wp\/v2\/posts\/2712\/revisions\/2724"}],"wp:attachment":[{"href":"http:\/\/www.cgt-hopital-manosque.fr\/index.php?rest_route=%2Fwp%2Fv2%2Fmedia&parent=2712"}],"wp:term":[{"taxonomy":"category","embeddable":true,"href":"http:\/\/www.cgt-hopital-manosque.fr\/index.php?rest_route=%2Fwp%2Fv2%2Fcategories&post=2712"},{"taxonomy":"post_tag","embeddable":true,"href":"http:\/\/www.cgt-hopital-manosque.fr\/index.php?rest_route=%2Fwp%2Fv2%2Ftags&post=2712"}],"curies":[{"name":"wp","href":"https:\/\/api.w.org\/{rel}","templated":true}]}}