{"id":2986,"date":"2014-10-16T19:00:08","date_gmt":"2014-10-16T19:00:08","guid":{"rendered":"http:\/\/www.cgt-hopital-manosque.fr\/?p=2986"},"modified":"2015-01-31T11:10:21","modified_gmt":"2015-01-31T11:10:21","slug":"17-octobre-2014-la-nouvelle-procedure-de-controle-des-arrets-maladie-des-fonctionnaires","status":"publish","type":"post","link":"http:\/\/www.cgt-hopital-manosque.fr\/?p=2986","title":{"rendered":"17 octobre 2014 &#8211; La nouvelle proc\u00e9dure de contr\u00f4le des arr\u00eats maladie des fonctionnaires"},"content":{"rendered":"<p style= \"text-align: justify;\">R\u00e9f\u00e9rence :<br \/>\nD\u00e9cret n\u00b0 2014-1133 du 3 octobre 2014 relatif \u00e0 la proc\u00e9dure de contr\u00f4le des arr\u00eats de maladie des fonctionnaires<\/P><\/p>\n<p style= \"text-align: justify;\">Suite \u00e0 la longue lutte gagnante contre le jour de carence que la loi de finance rectificative de 2014 a finalement abrog\u00e9, le gouvernement avait d\u00e9cid\u00e9 de renforcer le caract\u00e8re contraignant des arr\u00eats maladie, l\u2019objectif \u00e9tant la lutte contre l\u2019absent\u00e9isme. <\/P><\/p>\n<p style= \"text-align: justify;\">Ce d\u00e9cret d\u00e9finit le cadre r\u00e9glementaire de la transmission des arr\u00eats de travail et instaure une sanction financi\u00e8re en cas de d\u00e9passement de d\u00e9lai.<br \/>\nTout arr\u00eat de travail doit \u00eatre transmis dans les 48 h \u00e0 son sup\u00e9rieur hi\u00e9rarchique. En cas de 1er retard, un courrier sera adress\u00e9 \u00e0 l\u2019agent lui sommant de transmettre imm\u00e9diatement les documents. <\/P><\/p>\n<p style= \"text-align: justify;\">En cas de r\u00e9cidive de retard de transmission durant une p\u00e9riode de 24 mois, l\u2019agent se verra infliger une sanction financi\u00e8re \u00e9gale \u00e0 la moiti\u00e9 de sa r\u00e9mun\u00e9ration. Cette sanction sera calcul\u00e9e pour chaque jour \u00e9coul\u00e9 entre la date de mise en arr\u00eat de travail et le d\u00e9p\u00f4t des documents \u00e0 l\u2019autorit\u00e9 territoriale (du moins \u00e0 son sup\u00e9rieur hi\u00e9rarchique). <\/P><\/p>\n<p style= \"text-align: justify;\">Cette d\u00e9duction se calcule sur le traitement indiciaire et sur le r\u00e9gime indemnitaire hormis :<br \/>\n\u00ab 1\u00b0 Les primes et indemnit\u00e9s qui ont le caract\u00e8re de remboursement de frais ;<br \/>\n\u00ab 2\u00b0 Les primes et indemnit\u00e9s li\u00e9es au changement de r\u00e9sidence, \u00e0 la primo-affectation, \u00e0 la mobilit\u00e9 g\u00e9ographique et aux restructurations ;<br \/>\n\u00ab 3\u00b0 Les primes et indemnit\u00e9s li\u00e9es \u00e0 l\u2019organisation du travail ;<br \/>\n\u00ab 4\u00b0 Les avantages en nature ;<br \/>\n\u00ab 5\u00b0 Les indemnit\u00e9s d\u2019enseignement ou de jury ainsi que les autres indemnit\u00e9s non directement li\u00e9es \u00e0 l\u2019emploi ;<br \/>\n\u00ab 6\u00b0 La part ou l\u2019int\u00e9gralit\u00e9 des primes et indemnit\u00e9s dont la modulation est fonction des r\u00e9sultats et de la mani\u00e8re de servir ;<br \/>\n\u00ab 7\u00b0 Les versements exceptionnels ou occasionnels de primes et indemnit\u00e9s correspondant \u00e0 un fait g\u00e9n\u00e9rateur unique ;<br \/>\n\u00ab 8\u00b0 Le suppl\u00e9ment familial de traitement ;<br \/>\n\u00ab 9\u00b0 L\u2019indemnit\u00e9 de r\u00e9sidence ;<br \/>\n\u00ab 10\u00b0 La prise en charge partielle du prix des titres d\u2019abonnement correspondant aux d\u00e9placements effectu\u00e9s par les agents publics entre leur r\u00e9sidence habituelle et leur lieu de travail. \u00bb<br \/>\nCette sanction financi\u00e8re n\u2019est pas applicable en cas d\u2019hospitalisation ou si l\u2019agent prouve qu\u2019il n\u2019\u00e9tait pas en mesure de transmettre l\u2019arr\u00eat de travail. <\/P><\/p>\n<p style= \"text-align: justify;\">Pour la CGT, l\u2019absent\u00e9isme ne se r\u00e9duira pas par le biais de sanctions financi\u00e8res mais doit \u00eatre int\u00e9gr\u00e9 dans un travail de r\u00e9flexion plus large incluant la dimension conditions de travail afin d\u2019en d\u00e9terminer les causes et trouver des solutions. <\/P><\/p>\n<p style= \"text-align: justify;\">\nPour consulter ce d\u00e9cret,   <strong><a href=\"http:\/\/www.legifrance.gouv.fr\/affichTexte.do?cidTexte=JORFTEXT000029535331&#038;dateTexte=&#038;categorieLien=id\" target=\"_blank\">CLIQUER ICI<\/a><\/strong><br \/>\n<\/P><\/p>\n","protected":false},"excerpt":{"rendered":"<p>R\u00e9f\u00e9rence : D\u00e9cret n\u00b0 2014-1133 du 3 octobre 2014 relatif \u00e0 la proc\u00e9dure de contr\u00f4le des arr\u00eats de maladie des fonctionnaires Suite \u00e0 la longue lutte gagnante contre le jour de carence que la loi de finance rectificative de 2014 a finalement abrog\u00e9, le gouvernement avait d\u00e9cid\u00e9 de renforcer le caract\u00e8re contraignant des arr\u00eats maladie, [&hellip;]<\/p>\n","protected":false},"author":1,"featured_media":0,"comment_status":"closed","ping_status":"closed","sticky":false,"template":"","format":"standard","meta":{"footnotes":""},"categories":[8,5],"tags":[],"views":38816,"_links":{"self":[{"href":"http:\/\/www.cgt-hopital-manosque.fr\/index.php?rest_route=\/wp\/v2\/posts\/2986"}],"collection":[{"href":"http:\/\/www.cgt-hopital-manosque.fr\/index.php?rest_route=\/wp\/v2\/posts"}],"about":[{"href":"http:\/\/www.cgt-hopital-manosque.fr\/index.php?rest_route=\/wp\/v2\/types\/post"}],"author":[{"embeddable":true,"href":"http:\/\/www.cgt-hopital-manosque.fr\/index.php?rest_route=\/wp\/v2\/users\/1"}],"replies":[{"embeddable":true,"href":"http:\/\/www.cgt-hopital-manosque.fr\/index.php?rest_route=%2Fwp%2Fv2%2Fcomments&post=2986"}],"version-history":[{"count":4,"href":"http:\/\/www.cgt-hopital-manosque.fr\/index.php?rest_route=\/wp\/v2\/posts\/2986\/revisions"}],"predecessor-version":[{"id":2989,"href":"http:\/\/www.cgt-hopital-manosque.fr\/index.php?rest_route=\/wp\/v2\/posts\/2986\/revisions\/2989"}],"wp:attachment":[{"href":"http:\/\/www.cgt-hopital-manosque.fr\/index.php?rest_route=%2Fwp%2Fv2%2Fmedia&parent=2986"}],"wp:term":[{"taxonomy":"category","embeddable":true,"href":"http:\/\/www.cgt-hopital-manosque.fr\/index.php?rest_route=%2Fwp%2Fv2%2Fcategories&post=2986"},{"taxonomy":"post_tag","embeddable":true,"href":"http:\/\/www.cgt-hopital-manosque.fr\/index.php?rest_route=%2Fwp%2Fv2%2Ftags&post=2986"}],"curies":[{"name":"wp","href":"https:\/\/api.w.org\/{rel}","templated":true}]}}