{"id":3338,"date":"2015-02-03T20:15:12","date_gmt":"2015-02-03T20:15:12","guid":{"rendered":"http:\/\/www.cgt-hopital-manosque.fr\/?p=3338"},"modified":"2015-02-03T20:15:12","modified_gmt":"2015-02-03T20:15:12","slug":"3-fevrier-2015-conference-le-13-fevrier-sur-la-loi-macron-animee-par-gerard-filoche","status":"publish","type":"post","link":"http:\/\/www.cgt-hopital-manosque.fr\/?p=3338","title":{"rendered":"3 f\u00e9vrier 2015 &#8211; Conf\u00e9rence le 13 f\u00e9vrier sur la loi Macron anim\u00e9e par G\u00e9rard Filoche"},"content":{"rendered":"<p><strong>CLIQUER SUR L&rsquo;IMAGE POUR L&rsquo;AGRANDIR :<\/strong><\/p>\n<p><a href=\"http:\/\/www.cgt-hopital-manosque.fr\/wp-content\/uploads\/2015\/02\/550.-Conf\u00e9rence-G\u00e9rard-Filoche-sur-la-loi-Macron.jpg\"><img loading=\"lazy\" decoding=\"async\" src=\"http:\/\/www.cgt-hopital-manosque.fr\/wp-content\/uploads\/2015\/02\/550.-Conf\u00e9rence-G\u00e9rard-Filoche-sur-la-loi-Macron.jpg\" alt=\"Conf\u00e9rence G\u00e9rard Filoche sur la loi Macron\" width=\"2338\" height=\"1700\" class=\"aligncenter size-full wp-image-3339\" srcset=\"http:\/\/www.cgt-hopital-manosque.fr\/wp-content\/uploads\/2015\/02\/550.-Conf\u00e9rence-G\u00e9rard-Filoche-sur-la-loi-Macron.jpg 2338w, http:\/\/www.cgt-hopital-manosque.fr\/wp-content\/uploads\/2015\/02\/550.-Conf\u00e9rence-G\u00e9rard-Filoche-sur-la-loi-Macron-300x218.jpg 300w, http:\/\/www.cgt-hopital-manosque.fr\/wp-content\/uploads\/2015\/02\/550.-Conf\u00e9rence-G\u00e9rard-Filoche-sur-la-loi-Macron-1024x745.jpg 1024w\" sizes=\"(max-width: 2338px) 100vw, 2338px\" \/><\/a><\/p>\n","protected":false},"excerpt":{"rendered":"<p>CLIQUER SUR L&rsquo;IMAGE POUR L&rsquo;AGRANDIR :<\/p>\n","protected":false},"author":1,"featured_media":0,"comment_status":"closed","ping_status":"closed","sticky":false,"template":"","format":"standard","meta":{"footnotes":""},"categories":[1],"tags":[],"views":1988,"_links":{"self":[{"href":"http:\/\/www.cgt-hopital-manosque.fr\/index.php?rest_route=\/wp\/v2\/posts\/3338"}],"collection":[{"href":"http:\/\/www.cgt-hopital-manosque.fr\/index.php?rest_route=\/wp\/v2\/posts"}],"about":[{"href":"http:\/\/www.cgt-hopital-manosque.fr\/index.php?rest_route=\/wp\/v2\/types\/post"}],"author":[{"embeddable":true,"href":"http:\/\/www.cgt-hopital-manosque.fr\/index.php?rest_route=\/wp\/v2\/users\/1"}],"replies":[{"embeddable":true,"href":"http:\/\/www.cgt-hopital-manosque.fr\/index.php?rest_route=%2Fwp%2Fv2%2Fcomments&post=3338"}],"version-history":[{"count":2,"href":"http:\/\/www.cgt-hopital-manosque.fr\/index.php?rest_route=\/wp\/v2\/posts\/3338\/revisions"}],"predecessor-version":[{"id":3341,"href":"http:\/\/www.cgt-hopital-manosque.fr\/index.php?rest_route=\/wp\/v2\/posts\/3338\/revisions\/3341"}],"wp:attachment":[{"href":"http:\/\/www.cgt-hopital-manosque.fr\/index.php?rest_route=%2Fwp%2Fv2%2Fmedia&parent=3338"}],"wp:term":[{"taxonomy":"category","embeddable":true,"href":"http:\/\/www.cgt-hopital-manosque.fr\/index.php?rest_route=%2Fwp%2Fv2%2Fcategories&post=3338"},{"taxonomy":"post_tag","embeddable":true,"href":"http:\/\/www.cgt-hopital-manosque.fr\/index.php?rest_route=%2Fwp%2Fv2%2Ftags&post=3338"}],"curies":[{"name":"wp","href":"https:\/\/api.w.org\/{rel}","templated":true}]}}