{"id":3342,"date":"2015-02-03T20:20:53","date_gmt":"2015-02-03T20:20:53","guid":{"rendered":"http:\/\/www.cgt-hopital-manosque.fr\/?p=3342"},"modified":"2015-02-19T12:38:53","modified_gmt":"2015-02-19T12:38:53","slug":"4-fevrier-2015-congres-de-lunion-locale-de-manosque-du-9-fevrier-2015-la-sante-a-loffensive","status":"publish","type":"post","link":"http:\/\/www.cgt-hopital-manosque.fr\/?p=3342","title":{"rendered":"4 f\u00e9vrier 2015 &#8211; Congr\u00e8s de l&rsquo;union locale de Manosque du 9 f\u00e9vrier  2015 &#8211; La Sant\u00e9 \u00e0 l&rsquo;offensive"},"content":{"rendered":"<p style= \"text-align: justify;\">\nTous les syndiqu\u00e9(e)s du bassin Manosquin sont invit\u00e9(e)s \u00e0 participer au Congr\u00e8s de l\u2019Union Locale CGT de Manosque qui se d\u00e9roulera le 9 f\u00e9vrier 2015 de 9h \u00e0 16h, salle des Tilleuls (\u00e0 c\u00f4t\u00e9 du foyer de  L\u2019OMPA) \u00e0 Manosque.<br \/>\nL\u2019objectif sera de travailler \u00e0 la coh\u00e9sion et \u00e0 la convergence revendicative de l\u2019ensemble des salari\u00e9(e)s de notre champ territorial. Il faudra d\u00e9battre afin d\u2019am\u00e9liorer notre outil CGT de proximit\u00e9 pour en faire un outil de luttes efficaces aidant \u00e0 la construction du rapport de force n\u00e9cessaire \u00e0 la r\u00e9ponse aux besoins sociaux. Cela fera l\u2019objet d\u2019un des th\u00e8mes principaux de notre congr\u00e8s.<br \/>\nAfin de pr\u00e9parer notre congr\u00e8s et nous aider dans nos d\u00e9bats, le document d\u2019orientation a \u00e9t\u00e9 envoy\u00e9 \u00e0 tous les syndiqu\u00e9(e)s. Par ailleurs, et pour ceux qui ne l\u2019auraient pas eu, ce document sera remis \u00e0 chaque participant(e) inscrit(e) avant le 29 janvier 2015.<br \/>\nNous comptons sur la pr\u00e9sence du plus grand nombre afin de participer \u00e0 ce moment fort de d\u00e9mocratie o\u00f9 la parole sera donn\u00e9e \u00e0 chaque syndiqu\u00e9(e).<\/p>\n<p>La Partie 14 du document d&rsquo;orientation est intitul\u00e9e \u00ab\u00a0La sant\u00e9 \u00e0 l&rsquo;offensive\u00a0\u00bb :<\/p>\n<p>\u00ab\u00a0En 2009, sous l&rsquo;\u00e8re Sarkozy, la loi H\u00f4pital\/patient\/sant\u00e9\/territoire (HPST), dite \u00ab Loi Bachelot \u00bb, ouvre grande la porte des restructurations hospitali\u00e8res, de la privatisation de l\u2019h\u00f4pital public, accentuant ainsi les difficult\u00e9s d&rsquo;acc\u00e8s aux soins. L\u2019esprit co\u00fbt\/efficacit\u00e9 et les coupes budg\u00e9taires du PLFSS (projet de loi de financement de la S\u00e9curit\u00e9 Sociale) du gouvernement Hollande ne font qu\u2019empirer la situation. Et le projet de loi sant\u00e9 en cours renforcera inexorablement cette logique lib\u00e9rale.<\/p>\n<p>Il faut arr\u00eater la destruction de l\u2019h\u00f4pital public et de la sant\u00e9 publique. Arr\u00eatons la mise en cause des RTT, des r\u00e8gles d\u2019avancement, des remplacements (d\u00e9parts et maladie), le non renouvellement des contractuel(le)s, la g\u00e9n\u00e9ralisation des 12 heures et les fermetures de services.<\/p>\n<p>Stoppons la spirale perverse de l\u2019aust\u00e9rit\u00e9 qui d\u00e9bute avec la baisse des tarifs dans le cadre de l\u2019enveloppe ferm\u00e9e de l\u2019ONDAM (objectif national des d\u00e9penses d\u2019assurance-maladie). <\/p>\n<p>Des centaines d\u2019h\u00f4pitaux sont malades de l\u2019endettement et les mesures propos\u00e9es ne font que creuser les d\u00e9ficits.<\/p>\n<p>Faire le choix de la rigueur c\u2019est \u00e9trangler davantage les h\u00f4pitaux, remettre en cause nos droits et notre statut  et par la m\u00eame augmenter la d\u00e9gradation des conditions de travail et la souffrance des personnels. <\/p>\n<p>Dans l\u2019int\u00e9r\u00eat des personnels d\u2019autres choix sont possibles.<\/p>\n<p>A l&rsquo;h\u00f4pital de Manosque, la CGT, syndicat majoritaire et les salari\u00e9(e)s, ont remport\u00e9 deux belles victoires en 2014 : l&rsquo;arr\u00eat de la mesure visant \u00e0 supprimer les temps partiel \u00e0 80% de non droit et la fin de la discrimination envers les femmes enceintes lors de la notation p\u00e9nalisant lourdement leur avancement de carri\u00e8re.<br \/>\nSans oublier la mise en place d&rsquo;un CHSCT pugnace, l&rsquo;\u00e9touffement dans l\u2019\u0153uf de la volont\u00e9 de modifier les WE, l&rsquo;attribution de la NBI  \u00e0 des salari\u00e9(e)s qui en \u00e9taient injustement priv\u00e9(e)s, la r\u00e9attribution de la NBI qui avait \u00e9t\u00e9 supprim\u00e9e \u00e0 3 militant(e)s syndicaux(cales) en repr\u00e9sailles en 2012. Cette mesure avec effet r\u00e9troactif vient d&rsquo;\u00eatre r\u00e9par\u00e9e ce mois ci. Des tribunaux administratifs gagn\u00e9s.<\/p>\n<p>Ces bons r\u00e9sultats, la dynamique de travail du syndicat CGT de l&rsquo;h\u00f4pital et la d\u00e9termination sans faille pour faire appliquer le droit syndical a permis de d\u00e9gager les militants notamment pour participer activement \u00e0 la vie syndicale de l&rsquo;UL, de l&rsquo;UD, de l&rsquo;USD Sant\u00e9 et dans de nombreux autres domaines.<\/p>\n<p>Enfin, le syndicat ne se contente pas d&rsquo;adopter une d\u00e9marche d\u00e9fensive face aux attaques subies, mais se positionne \u00e0 l&rsquo;offensive sur de nombreux dossiers comme celui de la r\u00e9animation.\u00a0\u00bb<\/p>\n","protected":false},"excerpt":{"rendered":"<p>Tous les syndiqu\u00e9(e)s du bassin Manosquin sont invit\u00e9(e)s \u00e0 participer au Congr\u00e8s de l\u2019Union Locale CGT de Manosque qui se d\u00e9roulera le 9 f\u00e9vrier 2015 de 9h \u00e0 16h, salle des Tilleuls (\u00e0 c\u00f4t\u00e9 du foyer de L\u2019OMPA) \u00e0 Manosque. L\u2019objectif sera de travailler \u00e0 la coh\u00e9sion et \u00e0 la convergence revendicative de l\u2019ensemble des [&hellip;]<\/p>\n","protected":false},"author":1,"featured_media":0,"comment_status":"closed","ping_status":"closed","sticky":false,"template":"","format":"standard","meta":{"footnotes":""},"categories":[7],"tags":[],"views":1868,"_links":{"self":[{"href":"http:\/\/www.cgt-hopital-manosque.fr\/index.php?rest_route=\/wp\/v2\/posts\/3342"}],"collection":[{"href":"http:\/\/www.cgt-hopital-manosque.fr\/index.php?rest_route=\/wp\/v2\/posts"}],"about":[{"href":"http:\/\/www.cgt-hopital-manosque.fr\/index.php?rest_route=\/wp\/v2\/types\/post"}],"author":[{"embeddable":true,"href":"http:\/\/www.cgt-hopital-manosque.fr\/index.php?rest_route=\/wp\/v2\/users\/1"}],"replies":[{"embeddable":true,"href":"http:\/\/www.cgt-hopital-manosque.fr\/index.php?rest_route=%2Fwp%2Fv2%2Fcomments&post=3342"}],"version-history":[{"count":4,"href":"http:\/\/www.cgt-hopital-manosque.fr\/index.php?rest_route=\/wp\/v2\/posts\/3342\/revisions"}],"predecessor-version":[{"id":3383,"href":"http:\/\/www.cgt-hopital-manosque.fr\/index.php?rest_route=\/wp\/v2\/posts\/3342\/revisions\/3383"}],"wp:attachment":[{"href":"http:\/\/www.cgt-hopital-manosque.fr\/index.php?rest_route=%2Fwp%2Fv2%2Fmedia&parent=3342"}],"wp:term":[{"taxonomy":"category","embeddable":true,"href":"http:\/\/www.cgt-hopital-manosque.fr\/index.php?rest_route=%2Fwp%2Fv2%2Fcategories&post=3342"},{"taxonomy":"post_tag","embeddable":true,"href":"http:\/\/www.cgt-hopital-manosque.fr\/index.php?rest_route=%2Fwp%2Fv2%2Ftags&post=3342"}],"curies":[{"name":"wp","href":"https:\/\/api.w.org\/{rel}","templated":true}]}}