{"id":3348,"date":"2015-02-08T20:30:16","date_gmt":"2015-02-08T20:30:16","guid":{"rendered":"http:\/\/www.cgt-hopital-manosque.fr\/?p=3348"},"modified":"2015-02-08T20:30:42","modified_gmt":"2015-02-08T20:30:42","slug":"3348","status":"publish","type":"post","link":"http:\/\/www.cgt-hopital-manosque.fr\/?p=3348","title":{"rendered":"9 f\u00e9vrier 2015 &#8211; Philippe Martinez le nouveau leader de la CGT adopte un ton offensif"},"content":{"rendered":"<p><a href=\"http:\/\/www.cgt-hopital-manosque.fr\/wp-content\/uploads\/2015\/02\/554.-Philippe-Martinez-nouveau-secr\u00e9taire-g\u00e9n\u00e9ral-de-la-CGT.jpg\"><img loading=\"lazy\" decoding=\"async\" src=\"http:\/\/www.cgt-hopital-manosque.fr\/wp-content\/uploads\/2015\/02\/554.-Philippe-Martinez-nouveau-secr\u00e9taire-g\u00e9n\u00e9ral-de-la-CGT.jpg\" alt=\"Philippe Martinez, nouveau secr\u00e9taire g\u00e9n\u00e9ral de la CGT\" width=\"524\" height=\"720\" class=\"aligncenter size-full wp-image-3349\" srcset=\"http:\/\/www.cgt-hopital-manosque.fr\/wp-content\/uploads\/2015\/02\/554.-Philippe-Martinez-nouveau-secr\u00e9taire-g\u00e9n\u00e9ral-de-la-CGT.jpg 524w, http:\/\/www.cgt-hopital-manosque.fr\/wp-content\/uploads\/2015\/02\/554.-Philippe-Martinez-nouveau-secr\u00e9taire-g\u00e9n\u00e9ral-de-la-CGT-218x300.jpg 218w\" sizes=\"(max-width: 524px) 100vw, 524px\" \/><\/a><\/p>\n<p style= \"text-align: justify;\">\nPhilippe Martinez, ancien de chez Renault, dirigeant de la f\u00e9d\u00e9ration de la m\u00e9tallurgie, vient d&rsquo;\u00eatre \u00e9lu secr\u00e9taire g\u00e9n\u00e9ral de la CGT, succ\u00e9dant \u00e0 Thierry Lepaon.<\/p>\n<p>Il est proche du terrain et adopte un ton offensif. Les syndiqu\u00e9s et militants sont satisfaits, veulent tourner la page. Philippe Martinez propose une action nationale au mois de mars.<\/p>\n<p>Pour sa premi\u00e8re interview, Philippe Martinez s&rsquo;est prononc\u00e9 pour une semaine de 32 heures de travail afin de cr\u00e9er des emplois.<br \/>\nR\u00e9duire le temps de travail \u00ab\u00a0est un passage incontournable si on veut cr\u00e9er des emplois\u00a0\u00bb, a-t-il d\u00e9clar\u00e9 sur France Inter, lors de sa premi\u00e8re interview en tant que num\u00e9ro un du premier syndicat du pays.<\/p>\n<p>Il ne faut pas avoir peur d&rsquo;\u00eatre \u00e0 contre-courant. A l&rsquo;heure, o\u00f9 certains syndicats disent oui \u00e0 tout, et que le code du travail n&rsquo;a jamais autant \u00e9t\u00e9 en danger, il faut se positionner clairement, c&rsquo;est cela qu&rsquo;attendent les militants et les salari\u00e9s.<\/p>\n<p>Etre \u00e0 contre-courant, c&rsquo;est offrir des perspectives \u00e0 des salari\u00e9s qui sont mal dans leur travail et \u00e0 qui on demande toujours plus.<\/p>\n<p>A l&rsquo;heure o\u00f9 le MEDEF et Mr Gattaz n&rsquo;en ont jamais assez, au d\u00e9triment du pouvoir d&rsquo;achat, des droits des salari\u00e9s, des conditions de travail et du service public, il est important d&rsquo;avoir une CGT forte, ambitieuse et force de propositions.<\/p>\n<p>Mr Gattaz a r\u00e9it\u00e9r\u00e9, il y a quelques jours sur France 2, sa demande d&rsquo;un \u00ab\u00a0sous-smic\u00a0\u00bb pour les jeunes et les ch\u00f4meurs de longue dur\u00e9e. Quand le journaliste lui a parl\u00e9 de contrepartie en terme d&#8217;emplois, Mr Gattaz lui a r\u00e9pondu qu&rsquo;on verra plus tard. Les 41 milliards d&rsquo;euros du pacte de responsabilit\u00e9 ne lui suffisent donc pas.<\/p>\n<p>Sortons du marasme dans lequel on essaie de nous confiner et de la morosit\u00e9 ambiante, renfor\u00e7ons notre vision politique des probl\u00e8mes soci\u00e9taux, soyons ambitieux et faisons en sorte que la CGT reste un puissant outil au service des travailleurs afin d&rsquo;am\u00e9liorer leurs conditions de travail, de r\u00e9mun\u00e9ration et d&rsquo;\u00e9volution professionnelle !<\/p>\n","protected":false},"excerpt":{"rendered":"<p>Philippe Martinez, ancien de chez Renault, dirigeant de la f\u00e9d\u00e9ration de la m\u00e9tallurgie, vient d&rsquo;\u00eatre \u00e9lu secr\u00e9taire g\u00e9n\u00e9ral de la CGT, succ\u00e9dant \u00e0 Thierry Lepaon. Il est proche du terrain et adopte un ton offensif. Les syndiqu\u00e9s et militants sont satisfaits, veulent tourner la page. Philippe Martinez propose une action nationale au mois de mars. [&hellip;]<\/p>\n","protected":false},"author":1,"featured_media":0,"comment_status":"closed","ping_status":"closed","sticky":false,"template":"","format":"standard","meta":{"footnotes":""},"categories":[7],"tags":[],"views":2188,"_links":{"self":[{"href":"http:\/\/www.cgt-hopital-manosque.fr\/index.php?rest_route=\/wp\/v2\/posts\/3348"}],"collection":[{"href":"http:\/\/www.cgt-hopital-manosque.fr\/index.php?rest_route=\/wp\/v2\/posts"}],"about":[{"href":"http:\/\/www.cgt-hopital-manosque.fr\/index.php?rest_route=\/wp\/v2\/types\/post"}],"author":[{"embeddable":true,"href":"http:\/\/www.cgt-hopital-manosque.fr\/index.php?rest_route=\/wp\/v2\/users\/1"}],"replies":[{"embeddable":true,"href":"http:\/\/www.cgt-hopital-manosque.fr\/index.php?rest_route=%2Fwp%2Fv2%2Fcomments&post=3348"}],"version-history":[{"count":2,"href":"http:\/\/www.cgt-hopital-manosque.fr\/index.php?rest_route=\/wp\/v2\/posts\/3348\/revisions"}],"predecessor-version":[{"id":3351,"href":"http:\/\/www.cgt-hopital-manosque.fr\/index.php?rest_route=\/wp\/v2\/posts\/3348\/revisions\/3351"}],"wp:attachment":[{"href":"http:\/\/www.cgt-hopital-manosque.fr\/index.php?rest_route=%2Fwp%2Fv2%2Fmedia&parent=3348"}],"wp:term":[{"taxonomy":"category","embeddable":true,"href":"http:\/\/www.cgt-hopital-manosque.fr\/index.php?rest_route=%2Fwp%2Fv2%2Fcategories&post=3348"},{"taxonomy":"post_tag","embeddable":true,"href":"http:\/\/www.cgt-hopital-manosque.fr\/index.php?rest_route=%2Fwp%2Fv2%2Ftags&post=3348"}],"curies":[{"name":"wp","href":"https:\/\/api.w.org\/{rel}","templated":true}]}}