{"id":3352,"date":"2015-02-09T20:16:43","date_gmt":"2015-02-09T20:16:43","guid":{"rendered":"http:\/\/www.cgt-hopital-manosque.fr\/?p=3352"},"modified":"2015-02-09T20:16:43","modified_gmt":"2015-02-09T20:16:43","slug":"10-fevrier-2015-des-actes-et-activites-exclusifs-pour-les-infirmiers-de-bloc-operatoire-ibobe","status":"publish","type":"post","link":"http:\/\/www.cgt-hopital-manosque.fr\/?p=3352","title":{"rendered":"10 f\u00e9vrier 2015 &#8211; Des actes et activit\u00e9s exclusifs pour les infirmiers de bloc op\u00e9ratoire (IBOBE)"},"content":{"rendered":"<p style= \"text-align: justify;\">\nIntroduisant dans le code de la sant\u00e9 publique les articles R. 4311-11-1 et R. 4311-11-2 consacr\u00e9s \u00e0 l&rsquo;exercice des IBOBE, un d\u00e9cret en date du 27 janvier 2015 pr\u00e9voit l\u2019acc\u00e8s \u00e0 de nouveaux actes et activit\u00e9s relevant de la comp\u00e9tence exclusive des IBOBE \u00e0 condition d&rsquo;avoir suivi une formation. <\/p>\n<p>Le texte souligne que les infirmiers en formation pr\u00e9parant au dipl\u00f4me d&rsquo;Etat de bloc op\u00e9ratoire peuvent \u00e9galement participer aux activit\u00e9s r\u00e9serv\u00e9es aux infirmiers et infirmi\u00e8res de bloc op\u00e9ratoire.<br \/>\nPour exercer ces actes et activit\u00e9s, le d\u00e9cret pr\u00e9cise que l&rsquo;ensemble des infirmiers et infirmi\u00e8res de bloc op\u00e9ratoire en exercice et en cours de formation devront avoir suivi une formation compl\u00e9mentaire avant le 31 d\u00e9cembre 2020. <\/p>\n<p>Cette formation sera financ\u00e9e au titre des dispositifs de formation professionnelle continue, de formation professionnelle tout au long de la vie ou du d\u00e9veloppement professionnel continu par les employeurs publics et priv\u00e9s. <\/p>\n<p>Source :<\/p>\n<p>D\u00e9cret 21015-74 du 27 janvier 2015 relatif aux actes infirmiers relevant de la comp\u00e9tence exclusive des infirmiers de bloc op\u00e9ratoire<br \/>\nJO du 29 janvier 2015<\/p>\n<p>Pour consulter ce texte,    <strong><a href=\"http:\/\/www.legifrance.gouv.fr\/affichTexte.do?cidTexte=JORFTEXT000030158146&#038;dateTexte=&#038;categorieLien=id \" target=\"_blank\">CLIQUER ICI<\/a><\/strong><\/p>\n","protected":false},"excerpt":{"rendered":"<p>Introduisant dans le code de la sant\u00e9 publique les articles R. 4311-11-1 et R. 4311-11-2 consacr\u00e9s \u00e0 l&rsquo;exercice des IBOBE, un d\u00e9cret en date du 27 janvier 2015 pr\u00e9voit l\u2019acc\u00e8s \u00e0 de nouveaux actes et activit\u00e9s relevant de la comp\u00e9tence exclusive des IBOBE \u00e0 condition d&rsquo;avoir suivi une formation. Le texte souligne que les infirmiers [&hellip;]<\/p>\n","protected":false},"author":1,"featured_media":0,"comment_status":"closed","ping_status":"closed","sticky":false,"template":"","format":"standard","meta":{"footnotes":""},"categories":[8,5],"tags":[],"views":1831,"_links":{"self":[{"href":"http:\/\/www.cgt-hopital-manosque.fr\/index.php?rest_route=\/wp\/v2\/posts\/3352"}],"collection":[{"href":"http:\/\/www.cgt-hopital-manosque.fr\/index.php?rest_route=\/wp\/v2\/posts"}],"about":[{"href":"http:\/\/www.cgt-hopital-manosque.fr\/index.php?rest_route=\/wp\/v2\/types\/post"}],"author":[{"embeddable":true,"href":"http:\/\/www.cgt-hopital-manosque.fr\/index.php?rest_route=\/wp\/v2\/users\/1"}],"replies":[{"embeddable":true,"href":"http:\/\/www.cgt-hopital-manosque.fr\/index.php?rest_route=%2Fwp%2Fv2%2Fcomments&post=3352"}],"version-history":[{"count":1,"href":"http:\/\/www.cgt-hopital-manosque.fr\/index.php?rest_route=\/wp\/v2\/posts\/3352\/revisions"}],"predecessor-version":[{"id":3353,"href":"http:\/\/www.cgt-hopital-manosque.fr\/index.php?rest_route=\/wp\/v2\/posts\/3352\/revisions\/3353"}],"wp:attachment":[{"href":"http:\/\/www.cgt-hopital-manosque.fr\/index.php?rest_route=%2Fwp%2Fv2%2Fmedia&parent=3352"}],"wp:term":[{"taxonomy":"category","embeddable":true,"href":"http:\/\/www.cgt-hopital-manosque.fr\/index.php?rest_route=%2Fwp%2Fv2%2Fcategories&post=3352"},{"taxonomy":"post_tag","embeddable":true,"href":"http:\/\/www.cgt-hopital-manosque.fr\/index.php?rest_route=%2Fwp%2Fv2%2Ftags&post=3352"}],"curies":[{"name":"wp","href":"https:\/\/api.w.org\/{rel}","templated":true}]}}