{"id":3359,"date":"2015-02-16T08:45:27","date_gmt":"2015-02-16T08:45:27","guid":{"rendered":"http:\/\/www.cgt-hopital-manosque.fr\/?p=3359"},"modified":"2015-02-16T08:46:55","modified_gmt":"2015-02-16T08:46:55","slug":"16-fevrier-2015-combien-de-morts-faudra-t-il-encore-en-psychiatrie","status":"publish","type":"post","link":"http:\/\/www.cgt-hopital-manosque.fr\/?p=3359","title":{"rendered":"16 f\u00e9vrier 2015 &#8211; Combien de morts faudra-t-il encore en psychiatrie ?"},"content":{"rendered":"<p style= \"text-align: justify;\">\nNous venons d\u2019apprendre le suicide de l\u2019un de nos coll\u00e8gues infirmier \u00e0 l\u2019h\u00f4pital psychiatrique du Vinatier (69). Ce drame survient dans cet \u00e9tablissement apr\u00e8s une agression \u00e0 l\u2019arme blanche d\u2019un autre agent infirmier. En 10 jours, c\u2019est le drame de trop ! Combien en faudra t-il pour \u00eatre entendus ?<\/p>\n<p>Ces \u00e9v\u00e8nements sont la sombre illustration des cons\u00e9quences des politiques men\u00e9es en psychiatrie depuis de nombreuses ann\u00e9es : mesures d\u2019\u00e9conomie \u00e0 tout va, fermetures de lits et de services, suppressions de postes et d\u2019emplois\u2026 Cela entra\u00eene l\u2019impossibilit\u00e9 de prendre correctement en charge les patients et g\u00e9n\u00e8re, chez les personnels, la perte du sens du travail, le stress jusqu\u2019\u00e0 la culpabilisation qui peuvent conduire \u00e0 des passages \u00e0 l\u2019acte extr\u00eame.<\/p>\n<p>Nous ne pouvons plus laisser se creuser le foss\u00e9 entre ceux qui veulent faire des \u00e9conomies et ceux qui veulent soigner. C\u2019est d\u00e9vastateur pour nos coll\u00e8gues en premi\u00e8re ligne dans les services, lesquels subissent la pression au quotidien !<\/p>\n<p>Dans le m\u00eame temps, nous avons appris hier que le rendez-vous pos\u00e9 pour la 3\u00e8me fois aupr\u00e8s du Minist\u00e8re pour discuter de la psychiatrie \u00e9tait encore report\u00e9 ! C\u2019est inadmissible et irresponsable de la part de ceux qui pr\u00f4nent le dialogue social \u00e0 tout va !<\/p>\n<p><strong>La F\u00e9d\u00e9ration CGT de la Sant\u00e9 et de l\u2019Action Sociale appelle l\u2019ensemble de ses syndicats et adh\u00e9rents, plus particuli\u00e8rement ceux de la psychiatrie, \u00e0 se rassembler lundi 16 f\u00e9vrier \u00e0 14 h devant les directions d\u2019\u00e9tablissement ou devant les services, afin d\u2019apporter notre soutien \u00e0 la communaut\u00e9 hospitali\u00e8re du Vinatier, en m\u00e9moire de notre coll\u00e8gue d\u00e9c\u00e9d\u00e9 et en soutien \u00e0 sa famille.<\/strong><\/p>\n<p>Par ailleurs, d\u00e8s \u00e0 pr\u00e9sent, nous exigeons d\u2019\u00eatre re\u00e7us le m\u00eame jour \u00e0 la m\u00eame heure par la Ministre, pour l\u2019ouverture de n\u00e9gociations, exiger un moratoire sur toutes les restructurations en cours et des moyens nouveaux pour la psychiatrie. <\/p>\n<p>Montreuil, le 11 f\u00e9vrier 2015<\/p>\n<p>Pour t\u00e9l\u00e9charger le communiqu\u00e9 de presse, <strong><a href=\"http:\/\/www.cgt-hopital-manosque.fr\/wp-content\/uploads\/2015\/02\/556.-CP-n-6-Psychiatrie.pdf\">CLIQUER ICI<\/a><\/strong><\/p>\n<p>Pour t\u00e9l\u00e9charger la motion \u00ab\u00a0Urgence pour la psychiatrie !\u00a0\u00bb, <strong><a href=\"http:\/\/www.cgt-hopital-manosque.fr\/wp-content\/uploads\/2015\/02\/556.-Motion_Urgence_psychiatrie_120215.pdf\">CLIQUER ICI<\/a><\/strong><\/p>\n<p>Pour t\u00e9l\u00e9charger le tract \u00ab\u00a0Je suis infirmier au Vinatier\u00a0\u00bb, <strong><a href=\"http:\/\/www.cgt-hopital-manosque.fr\/wp-content\/uploads\/2015\/02\/556.-Tract_Vinatier.pdf\">CLIQUER ICI<\/a><\/strong><\/p>\n","protected":false},"excerpt":{"rendered":"<p>Nous venons d\u2019apprendre le suicide de l\u2019un de nos coll\u00e8gues infirmier \u00e0 l\u2019h\u00f4pital psychiatrique du Vinatier (69). Ce drame survient dans cet \u00e9tablissement apr\u00e8s une agression \u00e0 l\u2019arme blanche d\u2019un autre agent infirmier. En 10 jours, c\u2019est le drame de trop ! Combien en faudra t-il pour \u00eatre entendus ? Ces \u00e9v\u00e8nements sont la sombre [&hellip;]<\/p>\n","protected":false},"author":1,"featured_media":0,"comment_status":"closed","ping_status":"closed","sticky":false,"template":"","format":"standard","meta":{"footnotes":""},"categories":[8],"tags":[],"views":1898,"_links":{"self":[{"href":"http:\/\/www.cgt-hopital-manosque.fr\/index.php?rest_route=\/wp\/v2\/posts\/3359"}],"collection":[{"href":"http:\/\/www.cgt-hopital-manosque.fr\/index.php?rest_route=\/wp\/v2\/posts"}],"about":[{"href":"http:\/\/www.cgt-hopital-manosque.fr\/index.php?rest_route=\/wp\/v2\/types\/post"}],"author":[{"embeddable":true,"href":"http:\/\/www.cgt-hopital-manosque.fr\/index.php?rest_route=\/wp\/v2\/users\/1"}],"replies":[{"embeddable":true,"href":"http:\/\/www.cgt-hopital-manosque.fr\/index.php?rest_route=%2Fwp%2Fv2%2Fcomments&post=3359"}],"version-history":[{"count":3,"href":"http:\/\/www.cgt-hopital-manosque.fr\/index.php?rest_route=\/wp\/v2\/posts\/3359\/revisions"}],"predecessor-version":[{"id":3365,"href":"http:\/\/www.cgt-hopital-manosque.fr\/index.php?rest_route=\/wp\/v2\/posts\/3359\/revisions\/3365"}],"wp:attachment":[{"href":"http:\/\/www.cgt-hopital-manosque.fr\/index.php?rest_route=%2Fwp%2Fv2%2Fmedia&parent=3359"}],"wp:term":[{"taxonomy":"category","embeddable":true,"href":"http:\/\/www.cgt-hopital-manosque.fr\/index.php?rest_route=%2Fwp%2Fv2%2Fcategories&post=3359"},{"taxonomy":"post_tag","embeddable":true,"href":"http:\/\/www.cgt-hopital-manosque.fr\/index.php?rest_route=%2Fwp%2Fv2%2Ftags&post=3359"}],"curies":[{"name":"wp","href":"https:\/\/api.w.org\/{rel}","templated":true}]}}