{"id":3371,"date":"2015-02-19T12:25:12","date_gmt":"2015-02-19T12:25:12","guid":{"rendered":"http:\/\/www.cgt-hopital-manosque.fr\/?p=3371"},"modified":"2015-02-19T12:37:22","modified_gmt":"2015-02-19T12:37:22","slug":"19-fevrier-2015-contre-la-loi-sante-alors-on-fait-quoi-interview-de-delphine-girard-secretaire-generale-usd-cgt-sante-et-action-sociale-des-alpes-maritimes-06","status":"publish","type":"post","link":"http:\/\/www.cgt-hopital-manosque.fr\/?p=3371","title":{"rendered":"19 f\u00e9vrier 2015 &#8211; Contre la loi sant\u00e9 : alors on fait quoi ? &#8211; Interview de Delphine Girard, secr\u00e9taire g\u00e9n\u00e9rale USD CGT Sant\u00e9 et Action Sociale des Alpes Maritimes (06)"},"content":{"rendered":"<p style= \"text-align: justify;\">\n\u00ab\u00a0Sur la question de la loi Sant\u00e9, quelques voix s&rsquo;\u00e9l\u00e8vent pour proposer des amendements plut\u00f4t qu&rsquo;un rejet complet de cette loi. Cela nous parait tr\u00e8s compliqu\u00e9 de ne pas \u00eatre contre cette loi qui va en contradiction compl\u00e8te avec notre volont\u00e9 d&rsquo;un grand service public, dans sa philosophie, comme dans ses aspects techniques, tout est fait dans ce projet pour favoriser le d\u00e9veloppement du priv\u00e9. Apr\u00e8s, cela n&#8217;emp\u00eache pas un travail, des initiatives aupr\u00e8s des d\u00e9put\u00e9(e)s sur certains points en particulier, comme cela a pu \u00eatre fait avec succ\u00e8s au sujet du \u00ab secret des affaires \u00bb que voulait introduire la loi Macron. Ce qu&rsquo;on peut faire avancer, faisons le avancer, cela ne nous emp\u00eache pas d&rsquo;\u00eatre globalement contre une loi qui va \u00e0 l\u2019encontre de nos propositions. <\/p>\n<p style= \"text-align: justify;\">\nIl y a un 4 pages tr\u00e8s bien fait, sur la loi sant\u00e9, pour le consulter,    <strong><a href=\"http:\/\/www.sante.cgt.fr\/IMG\/pdf\/4_pages_journal_ok.pdf\" target=\"_blank\">CLIQUER ICI<\/a><\/strong>\n<\/p>\n<p style= \"text-align: justify;\">\nPar contre, nous avons du mal \u00e0 avoir des expressions sur l&rsquo;activit\u00e9 priv\u00e9e. Pourtant, nous en avons besoin afin que les salari\u00e9(e)s du priv\u00e9 se reconnaissent aussi dans les revendications que l&rsquo;on porte. On peut parler des difficult\u00e9s d&rsquo;acc\u00e8s conditionn\u00e9es \u00e0 la solvabilit\u00e9 des patient(e)s devenus client(e)s, des conditions de travail, de l&rsquo;exploitation maximale que l\u2019on trouve dans le secteur lucratif, de la r\u00e9mun\u00e9ration des actionnaires. Il nous faut aussi remettre en avant une orientation prise au 9\u00e8me congr\u00e8s f\u00e9d\u00e9ral, par laquelle nous refusons la pr\u00e9sence du lucratif dans le secteur sanitaire : la s\u00e9curit\u00e9 sociale ne doit pas servir \u00e0 r\u00e9mun\u00e9rer des actionnaires. <\/p>\n<p style= \"text-align: justify;\">\nNous sommes favorables \u00e0 une grande journ\u00e9e de mobilisation dans toutes les ARS (Agences r\u00e9gionales de sant\u00e9) en France comme propos\u00e9 lors du CNF des 5 et 6 f\u00e9vrier 2015, mais il nous faut aller plus loin, r\u00e9fl\u00e9chir sur la fa\u00e7on de travailler un processus de mobilisation sur un plus long terme. Il nous faut davantage faire le lien entre le local et le national, le national et les questions europ\u00e9ennes. Il faut faire le lien avec le TAFTA (le trait\u00e9 transatlantique) \u00e9galement qui veut remettre en cause toutes les normes du travail, environnementales etc&#8230; <\/p>\n<p style= \"text-align: justify;\">\nFaire le lien aussi entre les mobilisation professionnelles et interprofessionnelles qui ne doivent pas venir s\u2019opposer mais se compl\u00e9ter, dans ce processus global et pour cela il nous faut rendre visible le lien qui existe entre les mobilisations des Cheminots, d&rsquo;EDF, du commerce, de la sant\u00e9&#8230;<br \/>\nCe n&rsquo;est pas forc\u00e9ment tous, toujours ensemble le m\u00eame jour, mais il faut qu&rsquo;on cr\u00e9e un lien entre les mobilisations. Cela demande de mettre en place un v\u00e9ritable calendrier qui lie les appels \u00e0 mobilisation, les initiatives de d\u00e9bats, de consultations, avec un axe fort qui est le cout du capital et la place du travail. C&rsquo;est cela qui doit nous r\u00e9unir tous. Nous devons r\u00e9fl\u00e9chir, au niveau national et en territoires, \u00e0 quelles initiatives nous prenons afin de travailler en coop\u00e9ration avec les autres professions. <\/p>\n<p style= \"text-align: justify;\">\nUne autre question se pose aujourd\u2019hui, devant le manque de prise en compte, les d\u00e9nis de d\u00e9mocratie, les choix anti sociaux du gouvernement et du patronat, celle de notre participation aux n\u00e9gociations et aux IRP. La CGT n&rsquo;a jamais fait la politique de la chaise vide, on fait tout pour continuer le d\u00e9bat. Mais force est de constater que l\u2019\u00e9t\u00e9 dernier, malheureusement, la CGT a \u00e9t\u00e9 contrainte de quitter la table des n\u00e9gociations nationales, c&rsquo;est une id\u00e9e qui revient de plus en plus aussi localement : les camarades en ont \u00ab\u00a0marre\u00a0\u00bb de si\u00e9ger dans des instances ou le point de vue des salari\u00e9(e)s n\u2019est pas pris en compte, ou les repr\u00e9sentant(e)s eux m\u00eames sont de moins en mois respect\u00e9(e)s. Le sentiment que l\u2019on veut nous \u00ab occuper \u00bb en multipliant les r\u00e9unions st\u00e9riles se d\u00e9veloppe. C&rsquo;est aussi un moyen de d\u00e9noncer le d\u00e9ni de d\u00e9mocratie et ce qui peut se dire dans les instances. <\/p>\n<p style= \"text-align: justify;\">\nNous avons besoin de clarifier dans nos \u00e9tablissements et entreprises ce qu&rsquo;on met au d\u00e9bat avec les salari\u00e9(e)s. Il nous faut aussi harmoniser ce que l\u2019on porte dans nos instances CTE, les CE afin de coordonner nos revendications. Car les directeurs, eux sont plut\u00f4t bien coordonn\u00e9s. <\/p>\n<p style= \"text-align: justify;\">\nSoyons ambitieux et recherchons l&rsquo;efficacit\u00e9 !\u00a0\u00bb<\/p>\n","protected":false},"excerpt":{"rendered":"<p>\u00ab\u00a0Sur la question de la loi Sant\u00e9, quelques voix s&rsquo;\u00e9l\u00e8vent pour proposer des amendements plut\u00f4t qu&rsquo;un rejet complet de cette loi. Cela nous parait tr\u00e8s compliqu\u00e9 de ne pas \u00eatre contre cette loi qui va en contradiction compl\u00e8te avec notre volont\u00e9 d&rsquo;un grand service public, dans sa philosophie, comme dans ses aspects techniques, tout est [&hellip;]<\/p>\n","protected":false},"author":1,"featured_media":0,"comment_status":"closed","ping_status":"closed","sticky":false,"template":"","format":"standard","meta":{"footnotes":""},"categories":[1],"tags":[],"views":1993,"_links":{"self":[{"href":"http:\/\/www.cgt-hopital-manosque.fr\/index.php?rest_route=\/wp\/v2\/posts\/3371"}],"collection":[{"href":"http:\/\/www.cgt-hopital-manosque.fr\/index.php?rest_route=\/wp\/v2\/posts"}],"about":[{"href":"http:\/\/www.cgt-hopital-manosque.fr\/index.php?rest_route=\/wp\/v2\/types\/post"}],"author":[{"embeddable":true,"href":"http:\/\/www.cgt-hopital-manosque.fr\/index.php?rest_route=\/wp\/v2\/users\/1"}],"replies":[{"embeddable":true,"href":"http:\/\/www.cgt-hopital-manosque.fr\/index.php?rest_route=%2Fwp%2Fv2%2Fcomments&post=3371"}],"version-history":[{"count":11,"href":"http:\/\/www.cgt-hopital-manosque.fr\/index.php?rest_route=\/wp\/v2\/posts\/3371\/revisions"}],"predecessor-version":[{"id":3382,"href":"http:\/\/www.cgt-hopital-manosque.fr\/index.php?rest_route=\/wp\/v2\/posts\/3371\/revisions\/3382"}],"wp:attachment":[{"href":"http:\/\/www.cgt-hopital-manosque.fr\/index.php?rest_route=%2Fwp%2Fv2%2Fmedia&parent=3371"}],"wp:term":[{"taxonomy":"category","embeddable":true,"href":"http:\/\/www.cgt-hopital-manosque.fr\/index.php?rest_route=%2Fwp%2Fv2%2Fcategories&post=3371"},{"taxonomy":"post_tag","embeddable":true,"href":"http:\/\/www.cgt-hopital-manosque.fr\/index.php?rest_route=%2Fwp%2Fv2%2Ftags&post=3371"}],"curies":[{"name":"wp","href":"https:\/\/api.w.org\/{rel}","templated":true}]}}