{"id":3392,"date":"2015-02-25T20:20:33","date_gmt":"2015-02-25T20:20:33","guid":{"rendered":"http:\/\/www.cgt-hopital-manosque.fr\/?p=3392"},"modified":"2015-02-25T20:22:47","modified_gmt":"2015-02-25T20:22:47","slug":"25-fevrier-2015-attaque-contre-la-bourse-du-travail-daubagne-un-veritable-coup-de-force-contre-la-democratie-sociale-et-la-liberte-dexpression","status":"publish","type":"post","link":"http:\/\/www.cgt-hopital-manosque.fr\/?p=3392","title":{"rendered":"25 f\u00e9vrier 2015 &#8211; Attaque contre la bourse du travail d&rsquo;Aubagne : un v\u00e9ritable coup de force contre la d\u00e9mocratie sociale et la libert\u00e9 d\u2019expression !"},"content":{"rendered":"<p><a href=\"http:\/\/www.cgt-hopital-manosque.fr\/wp-content\/uploads\/2015\/02\/562.-Attaque-contre-la-bourse-du-travail-dAubagne.jpg\"><img loading=\"lazy\" decoding=\"async\" src=\"http:\/\/www.cgt-hopital-manosque.fr\/wp-content\/uploads\/2015\/02\/562.-Attaque-contre-la-bourse-du-travail-dAubagne.jpg\" alt=\"Attaque contre la bourse du travail d&#039;Aubagne\" width=\"672\" height=\"504\" class=\"aligncenter size-full wp-image-3393\" srcset=\"http:\/\/www.cgt-hopital-manosque.fr\/wp-content\/uploads\/2015\/02\/562.-Attaque-contre-la-bourse-du-travail-dAubagne.jpg 672w, http:\/\/www.cgt-hopital-manosque.fr\/wp-content\/uploads\/2015\/02\/562.-Attaque-contre-la-bourse-du-travail-dAubagne-300x225.jpg 300w\" sizes=\"(max-width: 672px) 100vw, 672px\" \/><\/a><\/p>\n<p style= \"text-align: justify;\">Plus de 200 personnes se sont rassembl\u00e9es le 19 f\u00e9vrier 2015 devant la Mairie d&rsquo;Aubagne pour d\u00e9fendre la bourse su travail. <\/p>\n<p style= \"text-align: justify;\">Ci-dessous, l&rsquo;intervention d&rsquo;une coll\u00e8gue d\u00e9termin\u00e9e qui a introduit le rassemblement : <\/p>\n<p style= \"text-align: justify;\">\u00ab\u00a0Le 11 janvier dernier, le peuple de France se levait pour d\u00e9fendre la libert\u00e9 d\u2019expression. <\/p>\n<p style= \"text-align: justify;\">Pour d\u00e9fendre le droit individuel et collectif, d\u2019exprimer des id\u00e9es sans repr\u00e9sailles de qui que ce soit. <\/p>\n<p>Un droit qui comprend de fait, la libert\u00e9 de se r\u00e9unir, d\u2019\u00e9changer, d\u2019avoir acc\u00e8s \u00e0 l\u2019\u00e9ducation, \u00e0 la culture, de s\u2019organiser et de d\u00e9fendre ses points de vue. <\/p>\n<p style= \"text-align: justify;\">Un droit que la majorit\u00e9 municipale UMP, UDI se gargarisait de d\u00e9fendre et de porter \u00e0 Aubagne.<br \/>\nMais les faits sont tout autres:<br \/>\n-Suppression des subventions municipales, \u00e0 certaines associations et aux organisations syndicales \u2026<br \/>\n-Suppression du repr\u00e9sentant CGT au Conseil d\u2019Administration du CCAS\u2026<br \/>\n-R\u00e9duction des moyens humains et financiers, des services de la ville \u2026<br \/>\n-Passivit\u00e9 totale face \u00e0 la fermeture des services publics de proximit\u00e9 comme les accueils CAF, s\u00e9cu, EDF\u2026<br \/>\nEt maintenant suppression du bail de la Bourse du travail d\u2019Aubagne et d\u2019un poste de travail, sans proposition de nouveaux locaux \u2026<\/p>\n<p style= \"text-align: justify;\">Ces mesures ne visent qu\u2019\u00e0 chasser toute une classe sociale d\u2019aubagne et \u00e0 museler son droit d\u2019expression et la contestation. <\/p>\n<p style= \"text-align: justify;\">Il est n\u00e9cessaire de rappeler \u00e0 Monsieur le Maire, que les bourses du travail de notre pays, comme celle d\u2019aubagne, ne sont pas un privil\u00e8ge issu d\u2019une simple faveur politique de tel ou tel municipalit\u00e9. <\/p>\n<p style= \"text-align: justify;\">Les bourses du travail  sont des monuments \u00e9rig\u00e9s par la volont\u00e9 des travailleurs de d\u00e9fendre leur droit, et de s\u2019organiser pour cela. Elles sont inscrites dans le paysage de notre soci\u00e9t\u00e9, de notre ville, comme un \u00e9l\u00e9ment charni\u00e8re de la coh\u00e9sion sociale. <\/p>\n<p style= \"text-align: justify;\">Notre Bourse du travail est l\u2019outil qui a permis et permet encore aujourd\u2019hui l\u2019\u00e9ducation populaire, la formation professionnelle, l\u2019acc\u00e8s aux loisirs, \u00e0 la culture, \u00e0 la connaissance du droit du travail, pour se d\u00e9fendre syndicalement et avec le conseil des prud\u2019hommes\u2026<\/p>\n<p style= \"text-align: justify;\">Tous les salari\u00e9s d\u2019aubagne et sa r\u00e9gion convergent vers la bourse du travail pour faire appliquer et am\u00e9liorer leur droit. C\u2019est souvent la maison du droit et l\u2019inspection du travail, elles-m\u00eames, qui les orientent vers la bourse. <\/p>\n<p style= \"text-align: justify;\">La bourse du travail est un lieu qui r\u00e9pond \u00e0 un besoin de toute la population aubagnaise et des communes voisines. Elle est notre bien commun et d\u2019int\u00e9r\u00eat public ! <\/p>\n<p style= \"text-align: justify;\">Son r\u00f4le pour l\u2019int\u00e9r\u00eat g\u00e9n\u00e9ral existe par l\u2019action syndicale et associative que m\u00e8nent les organisations qui l\u2019utilisent. <\/p>\n<p style= \"text-align: justify;\">Les syndicats cgt, r\u00e9unis dans l\u2019union locale depuis plus de 90 ans, les syndicats cgt des retrait\u00e9s, le syndicat fsu, les associations LSR et forces et bont\u00e9s \u0153uvrent au quotidien pour d\u00e9velopper et am\u00e9liorer les conditions de travail, les salaires, les pensions, les services publics, pour que nos entreprises et emplois se p\u00e9rennisent et contribuent au d\u00e9veloppement \u00e9conomique de notre territoire ! <\/p>\n<p style= \"text-align: justify;\">Ces organisations sont pour certains habitants et travailleurs le seuls lien social qu\u2019il leurs reste ! Elles sont aussi les seules \u00e0 agir pour d\u00e9fendre leurs int\u00e9r\u00eats ! <\/p>\n<p style= \"text-align: justify;\">En supprimant les moyens de fonctionnement de la bourse du travail c\u2019est tout cela que la droite aubagnaise tente d\u2019affaiblir !<br \/>\nLeur gestion municipale va \u00e0 l\u2019encontre de l\u2019int\u00e9r\u00eat g\u00e9n\u00e9ral et ils essaient sous couvert de l\u2019aust\u00e9rit\u00e9 budg\u00e9taire de b\u00e2illonner tous ceux qui souhaitent \u00e9clairer les consciences et porter d\u2019autre choix. <\/p>\n<p style= \"text-align: justify;\">Comme nous l\u2019avons \u00e9crit \u00e0 plusieurs reprises \u00e0 Monsieur le Maire, ceci est un positionnement de classe, qui contrairement \u00e0 ses dires de campagne, ne fait pas de lui le maire de tous les aubagnais.<br \/>\nA ce jour la municipalit\u00e9 n\u2019a donn\u00e9 aucune suite \u00e0 nos courriers faisant, la sourde oreille face, \u00e0 nos  propositions  pour que la Bourse du travail perdure \u00e0 Aubagne.<br \/>\nEt aujourd\u2019hui ils refusent de nous recevoir ! <\/p>\n<p style= \"text-align: justify;\">Les Bourses du travail ont pour vocation d\u2019h\u00e9berger les organisations syndicales qui en sont \u00e0 l\u2019origine.  Leur fondement et mission impliquent la participation municipale, comme en Arles, \u00e0 Marseille ou \u00e0 Aix en Provence. Revenir sur ces droits c\u2019est nier le concept m\u00eame des Bourses du travail et notre histoire. <\/p>\n<p style= \"text-align: justify;\">Car L\u2019histoire d\u2019Aubagne n\u2019est pas uniquement celle de Pagnol. Elle est aussi celle de tous les travailleurs qui par leurs luttes ont conquis des droits nouveaux et ont contribu\u00e9 \u00e0 am\u00e9liorer l\u2019existence de notre peuple. Elle est aussi celle des militants syndicaux qui ont r\u00e9sist\u00e9s et lib\u00e9r\u00e9 notre pays. Elle est aussi celle des hommes et des femmes qui tous les jours se l\u00e8vent, travaillent et luttent pour cr\u00e9er les richesses.<br \/>\nLa Bourse du travail est le symbole de cette m\u00e9moire ouvri\u00e8re ! <\/p>\n<p style= \"text-align: justify;\">Remettre en cause ses locaux, c\u2019est remettre en cause notre pass\u00e9 commun, c\u2019est remettre en cause les droits acquis par les salari\u00e9s de s\u2019organiser, de se syndiquer et de s\u2019exprimer ! <\/p>\n<p style= \"text-align: justify;\">Depuis 1925, date de cr\u00e9ation de la Bourse du travail d\u2019Aubagne, aucun des diff\u00e9rents courants politique ayant exerc\u00e9 leur mandat \u00e0 la Mairie ne se sont permis de telles attaques ! <\/p>\n<p style= \"text-align: justify;\">Nous ne laisserons pas la majorit\u00e9 municipale agir en toute impunit\u00e9 !<br \/>\nS\u2019ils nous veulent \u00e0 genoux ils nous trouveront debout et devant eux  et cela \u00e0 chaque \u00e9ch\u00e9ance municipale ! <\/p>\n<p style= \"text-align: justify;\">Nous \u00e9tions l\u00e0 avant eux, nous serons l\u00e0 apr\u00e8s eux !<br \/>\nLa bourse du travail et ses organisations resteront et continuerons d\u2019agir \u00e0 Aubagne !<br \/>\nVotre pr\u00e9sence en est la d\u00e9monstration, Nous ne l\u00e2cherons rien !\u00a0\u00bb <\/p>\n","protected":false},"excerpt":{"rendered":"<p>Plus de 200 personnes se sont rassembl\u00e9es le 19 f\u00e9vrier 2015 devant la Mairie d&rsquo;Aubagne pour d\u00e9fendre la bourse su travail. Ci-dessous, l&rsquo;intervention d&rsquo;une coll\u00e8gue d\u00e9termin\u00e9e qui a introduit le rassemblement : \u00ab\u00a0Le 11 janvier dernier, le peuple de France se levait pour d\u00e9fendre la libert\u00e9 d\u2019expression. Pour d\u00e9fendre le droit individuel et collectif, d\u2019exprimer [&hellip;]<\/p>\n","protected":false},"author":1,"featured_media":0,"comment_status":"closed","ping_status":"closed","sticky":false,"template":"","format":"standard","meta":{"footnotes":""},"categories":[1],"tags":[],"views":1864,"_links":{"self":[{"href":"http:\/\/www.cgt-hopital-manosque.fr\/index.php?rest_route=\/wp\/v2\/posts\/3392"}],"collection":[{"href":"http:\/\/www.cgt-hopital-manosque.fr\/index.php?rest_route=\/wp\/v2\/posts"}],"about":[{"href":"http:\/\/www.cgt-hopital-manosque.fr\/index.php?rest_route=\/wp\/v2\/types\/post"}],"author":[{"embeddable":true,"href":"http:\/\/www.cgt-hopital-manosque.fr\/index.php?rest_route=\/wp\/v2\/users\/1"}],"replies":[{"embeddable":true,"href":"http:\/\/www.cgt-hopital-manosque.fr\/index.php?rest_route=%2Fwp%2Fv2%2Fcomments&post=3392"}],"version-history":[{"count":3,"href":"http:\/\/www.cgt-hopital-manosque.fr\/index.php?rest_route=\/wp\/v2\/posts\/3392\/revisions"}],"predecessor-version":[{"id":3396,"href":"http:\/\/www.cgt-hopital-manosque.fr\/index.php?rest_route=\/wp\/v2\/posts\/3392\/revisions\/3396"}],"wp:attachment":[{"href":"http:\/\/www.cgt-hopital-manosque.fr\/index.php?rest_route=%2Fwp%2Fv2%2Fmedia&parent=3392"}],"wp:term":[{"taxonomy":"category","embeddable":true,"href":"http:\/\/www.cgt-hopital-manosque.fr\/index.php?rest_route=%2Fwp%2Fv2%2Fcategories&post=3392"},{"taxonomy":"post_tag","embeddable":true,"href":"http:\/\/www.cgt-hopital-manosque.fr\/index.php?rest_route=%2Fwp%2Fv2%2Ftags&post=3392"}],"curies":[{"name":"wp","href":"https:\/\/api.w.org\/{rel}","templated":true}]}}