{"id":3397,"date":"2015-02-26T20:48:31","date_gmt":"2015-02-26T20:48:31","guid":{"rendered":"http:\/\/www.cgt-hopital-manosque.fr\/?p=3397"},"modified":"2015-02-26T20:48:31","modified_gmt":"2015-02-26T20:48:31","slug":"26-fevrier-2015-instruction-dgosrh4201518-du-20-janvier-2015-relative-a-la-mise-en-oeuvre-de-la-reforme-statutaire-des-sages-femmes-hospitalieres","status":"publish","type":"post","link":"http:\/\/www.cgt-hopital-manosque.fr\/?p=3397","title":{"rendered":"26 f\u00e9vrier 2015 &#8211; Instruction DGOS\/RH4\/2015\/18 du 20 janvier 2015 relative \u00e0 la mise en \u0153uvre de la r\u00e9forme statutaire des sages-femmes hospitali\u00e8res"},"content":{"rendered":"<p style= \"text-align: justify;\">\nLa pr\u00e9sente circulaire a pour objectif de pr\u00e9ciser les modalit\u00e9s d\u2019application de la r\u00e9forme statutaire des sages-femmes hospitali\u00e8res. <\/p>\n<p>Cette instruction accompagne la parution des textes relatifs \u00e0 la r\u00e9forme statutaire des sages-femmes hospitali\u00e8res qui concr\u00e9tisent l\u2019engagement pris le 4 mars dernier de cr\u00e9er au sein de la fonction publique hospitali\u00e8re un statut m\u00e9dical de sage-femme des h\u00f4pitaux et de revaloriser les professionnels concern\u00e9s. La pr\u00e9sentation de la nouvelle architecture statutaire et du r\u00e9gime indemnitaire applicable a pour objectif de faciliter la mise en \u0153uvre compl\u00e8te des nouvelles dispositions statutaires. <\/p>\n<p>I. RAPPEL DES MISSIONS ET DU RATTACHEMENT DES SAGES-FEMMES <\/p>\n<p>1. Missions des sages-femmes<br \/>\n2. Gestion des sages-femmes <\/p>\n<p>II. NOUVELLE ARCHITECTURE STATUTAIRE <\/p>\n<p>1. Structuration du corps<br \/>\na. Constitution initiale du corps<br \/>\nb. Organisation en deux grades <\/p>\n<p>2. Fonctions exerc\u00e9es dans le second grade<br \/>\na. Fonctions d\u2019expertise clinique<br \/>\nb. Fonctions d\u2019organisation et de coordination<br \/>\nc. Fonctions de formation <\/p>\n<p>3. Statut d\u2019emploi<br \/>\na. Liste des emplois fonctionnels<br \/>\nb. Conditions d\u2019acc\u00e8s au statut d\u2019emploi<br \/>\nc. Cas des sages-femmes d\u00e9j\u00e0 en fonction sur un emploi fonctionnel <\/p>\n<p>III. R\u00c9GIME INDEMNITAIRE <\/p>\n<p>1. P\u00e9rennisation du r\u00e9gime indemnitaire<br \/>\n2. Nouvelles conditions d\u2019attribution de la prime d\u2019encadrement<br \/>\n3. R\u00e9capitulatif des primes et indemnit\u00e9s <\/p>\n<p>IV. FINANCEMENT DU D\u00c9VELOPPEMENT PROFESSIONNEL CONTINU DES SAGES-FEMMES <\/p>\n<p>Pour consulter ce texte,  <strong><a href=\"http:\/\/circulaire.legifrance.gouv.fr\/pdf\/2015\/02\/cir_39202.pdf\" target=\"_blank\">CLIQUER ICI<\/a><\/strong><\/p>\n","protected":false},"excerpt":{"rendered":"<p>La pr\u00e9sente circulaire a pour objectif de pr\u00e9ciser les modalit\u00e9s d\u2019application de la r\u00e9forme statutaire des sages-femmes hospitali\u00e8res. Cette instruction accompagne la parution des textes relatifs \u00e0 la r\u00e9forme statutaire des sages-femmes hospitali\u00e8res qui concr\u00e9tisent l\u2019engagement pris le 4 mars dernier de cr\u00e9er au sein de la fonction publique hospitali\u00e8re un statut m\u00e9dical de sage-femme [&hellip;]<\/p>\n","protected":false},"author":1,"featured_media":0,"comment_status":"closed","ping_status":"closed","sticky":false,"template":"","format":"standard","meta":{"footnotes":""},"categories":[8],"tags":[],"views":1939,"_links":{"self":[{"href":"http:\/\/www.cgt-hopital-manosque.fr\/index.php?rest_route=\/wp\/v2\/posts\/3397"}],"collection":[{"href":"http:\/\/www.cgt-hopital-manosque.fr\/index.php?rest_route=\/wp\/v2\/posts"}],"about":[{"href":"http:\/\/www.cgt-hopital-manosque.fr\/index.php?rest_route=\/wp\/v2\/types\/post"}],"author":[{"embeddable":true,"href":"http:\/\/www.cgt-hopital-manosque.fr\/index.php?rest_route=\/wp\/v2\/users\/1"}],"replies":[{"embeddable":true,"href":"http:\/\/www.cgt-hopital-manosque.fr\/index.php?rest_route=%2Fwp%2Fv2%2Fcomments&post=3397"}],"version-history":[{"count":2,"href":"http:\/\/www.cgt-hopital-manosque.fr\/index.php?rest_route=\/wp\/v2\/posts\/3397\/revisions"}],"predecessor-version":[{"id":3402,"href":"http:\/\/www.cgt-hopital-manosque.fr\/index.php?rest_route=\/wp\/v2\/posts\/3397\/revisions\/3402"}],"wp:attachment":[{"href":"http:\/\/www.cgt-hopital-manosque.fr\/index.php?rest_route=%2Fwp%2Fv2%2Fmedia&parent=3397"}],"wp:term":[{"taxonomy":"category","embeddable":true,"href":"http:\/\/www.cgt-hopital-manosque.fr\/index.php?rest_route=%2Fwp%2Fv2%2Fcategories&post=3397"},{"taxonomy":"post_tag","embeddable":true,"href":"http:\/\/www.cgt-hopital-manosque.fr\/index.php?rest_route=%2Fwp%2Fv2%2Ftags&post=3397"}],"curies":[{"name":"wp","href":"https:\/\/api.w.org\/{rel}","templated":true}]}}