{"id":3399,"date":"2015-02-27T21:00:29","date_gmt":"2015-02-27T21:00:29","guid":{"rendered":"http:\/\/www.cgt-hopital-manosque.fr\/?p=3399"},"modified":"2015-02-27T21:00:29","modified_gmt":"2015-02-27T21:00:29","slug":"27-fevrier-2015-journee-de-greve-interprofessionnelle-le-9-avril","status":"publish","type":"post","link":"http:\/\/www.cgt-hopital-manosque.fr\/?p=3399","title":{"rendered":"27 f\u00e9vrier 2015 &#8211; Journ\u00e9e de gr\u00e8ve interprofessionnelle le 9 avril"},"content":{"rendered":"<p><a href=\"http:\/\/www.cgt-hopital-manosque.fr\/wp-content\/uploads\/2015\/02\/563.-Journ\u00e9e-de-gr\u00e8ve-interprofessionnelle-le-9-avril.jpg\"><img loading=\"lazy\" decoding=\"async\" src=\"http:\/\/www.cgt-hopital-manosque.fr\/wp-content\/uploads\/2015\/02\/563.-Journ\u00e9e-de-gr\u00e8ve-interprofessionnelle-le-9-avril.jpg\" alt=\"Journ\u00e9e de gr\u00e8ve interprofessionnelle le 9 avril\" width=\"650\" height=\"360\" class=\"aligncenter size-full wp-image-3400\" srcset=\"http:\/\/www.cgt-hopital-manosque.fr\/wp-content\/uploads\/2015\/02\/563.-Journ\u00e9e-de-gr\u00e8ve-interprofessionnelle-le-9-avril.jpg 650w, http:\/\/www.cgt-hopital-manosque.fr\/wp-content\/uploads\/2015\/02\/563.-Journ\u00e9e-de-gr\u00e8ve-interprofessionnelle-le-9-avril-300x166.jpg 300w\" sizes=\"(max-width: 650px) 100vw, 650px\" \/><\/a><\/p>\n<p style= \"text-align: justify;\">Combattre et r\u00e9duire le ch\u00f4mage, permettre la cr\u00e9ation d\u2019emplois en changeant de politique \u00e9conomique, pr\u00e9server les droits et tous les r\u00e9gimes sociaux, garantir et promouvoir le service public, augmenter les salaires (secteurs public et priv\u00e9), les retraites, les pensions et les minimas sociaux, constituent des priorit\u00e9s sociales, de surcro\u00eet en p\u00e9riode de crise. <\/p>\n<p style= \"text-align: justify;\">R\u00e9unies le 17 f\u00e9vrier 2015, les organisations syndicales CGT, FO et Solidaires affirment leur d\u00e9termination pour faire aboutir ces revendications et lutter contre l\u2019aust\u00e9rit\u00e9 et ses impacts destructeurs tant socialement, \u00e9conomiquement que d\u00e9mocratiquement. <\/p>\n<p style= \"text-align: justify;\">Le \u00ab pacte de responsabilit\u00e9 \u00bb, la rigueur budg\u00e9taire, la r\u00e9forme territoriale, nombre de dispositions du projet de loi lib\u00e9rale \u00ab Macron \u00bb ainsi que plusieurs d\u00e9cisions des pouvoirs publics et du patronat aggravent la situation des salari\u00e9(e)s, des retrait\u00e9(e)s et des ch\u00f4meurs(ses).<br \/>\nDe nombreuses luttes et mobilisations syndicales sont d\u2019ores et d\u00e9j\u00e0 engag\u00e9es dans les entreprises, les services publics et les secteurs professionnels. <\/p>\n<p style= \"text-align: justify;\">Pour faire converger ces revendications et exiger du gouvernement et du patronat qu\u2019ils y r\u00e9pondent, les organisations syndicales CGT, FO et Solidaires s\u2019engagent dans un processus de mobilisation. Conscientes de leur responsabilit\u00e9, elles invitent les retrait\u00e9(e)s et les ch\u00f4meurs(ses) \u00e0 se mobiliser et appellent l\u2019ensemble des salari\u00e9(e)s, du public et du priv\u00e9, \u00e0 une journ\u00e9e de gr\u00e8ve interprofessionnelle et \u00e0 manifester le 9 avril 2015. <\/p>\n","protected":false},"excerpt":{"rendered":"<p>Combattre et r\u00e9duire le ch\u00f4mage, permettre la cr\u00e9ation d\u2019emplois en changeant de politique \u00e9conomique, pr\u00e9server les droits et tous les r\u00e9gimes sociaux, garantir et promouvoir le service public, augmenter les salaires (secteurs public et priv\u00e9), les retraites, les pensions et les minimas sociaux, constituent des priorit\u00e9s sociales, de surcro\u00eet en p\u00e9riode de crise. R\u00e9unies le [&hellip;]<\/p>\n","protected":false},"author":1,"featured_media":0,"comment_status":"closed","ping_status":"closed","sticky":false,"template":"","format":"standard","meta":{"footnotes":""},"categories":[7],"tags":[],"views":1911,"_links":{"self":[{"href":"http:\/\/www.cgt-hopital-manosque.fr\/index.php?rest_route=\/wp\/v2\/posts\/3399"}],"collection":[{"href":"http:\/\/www.cgt-hopital-manosque.fr\/index.php?rest_route=\/wp\/v2\/posts"}],"about":[{"href":"http:\/\/www.cgt-hopital-manosque.fr\/index.php?rest_route=\/wp\/v2\/types\/post"}],"author":[{"embeddable":true,"href":"http:\/\/www.cgt-hopital-manosque.fr\/index.php?rest_route=\/wp\/v2\/users\/1"}],"replies":[{"embeddable":true,"href":"http:\/\/www.cgt-hopital-manosque.fr\/index.php?rest_route=%2Fwp%2Fv2%2Fcomments&post=3399"}],"version-history":[{"count":1,"href":"http:\/\/www.cgt-hopital-manosque.fr\/index.php?rest_route=\/wp\/v2\/posts\/3399\/revisions"}],"predecessor-version":[{"id":3401,"href":"http:\/\/www.cgt-hopital-manosque.fr\/index.php?rest_route=\/wp\/v2\/posts\/3399\/revisions\/3401"}],"wp:attachment":[{"href":"http:\/\/www.cgt-hopital-manosque.fr\/index.php?rest_route=%2Fwp%2Fv2%2Fmedia&parent=3399"}],"wp:term":[{"taxonomy":"category","embeddable":true,"href":"http:\/\/www.cgt-hopital-manosque.fr\/index.php?rest_route=%2Fwp%2Fv2%2Fcategories&post=3399"},{"taxonomy":"post_tag","embeddable":true,"href":"http:\/\/www.cgt-hopital-manosque.fr\/index.php?rest_route=%2Fwp%2Fv2%2Ftags&post=3399"}],"curies":[{"name":"wp","href":"https:\/\/api.w.org\/{rel}","templated":true}]}}