{"id":3403,"date":"2015-03-03T20:24:59","date_gmt":"2015-03-03T20:24:59","guid":{"rendered":"http:\/\/www.cgt-hopital-manosque.fr\/?p=3403"},"modified":"2015-03-03T20:24:59","modified_gmt":"2015-03-03T20:24:59","slug":"3-mars-2015-elections-departementales-des-22-et-29-mars-2015-quel-est-le-role-du-departement","status":"publish","type":"post","link":"http:\/\/www.cgt-hopital-manosque.fr\/?p=3403","title":{"rendered":"3 mars 2015 &#8211; Elections d\u00e9partementales des 22 et 29 mars 2015 : quel est le r\u00f4le du d\u00e9partement ?"},"content":{"rendered":"<p><a href=\"http:\/\/www.cgt-hopital-manosque.fr\/wp-content\/uploads\/2015\/03\/561.-Quel-est-le-r\u00f4le-du-d\u00e9partement.jpg\"><img loading=\"lazy\" decoding=\"async\" src=\"http:\/\/www.cgt-hopital-manosque.fr\/wp-content\/uploads\/2015\/03\/561.-Quel-est-le-r\u00f4le-du-d\u00e9partement.jpg\" alt=\"Quel est le r\u00f4le du d\u00e9partement\" width=\"600\" height=\"450\" class=\"aligncenter size-full wp-image-3404\" srcset=\"http:\/\/www.cgt-hopital-manosque.fr\/wp-content\/uploads\/2015\/03\/561.-Quel-est-le-r\u00f4le-du-d\u00e9partement.jpg 600w, http:\/\/www.cgt-hopital-manosque.fr\/wp-content\/uploads\/2015\/03\/561.-Quel-est-le-r\u00f4le-du-d\u00e9partement-300x225.jpg 300w\" sizes=\"(max-width: 600px) 100vw, 600px\" \/><\/a><\/p>\n<p style= \"text-align: justify;\">Certains coll\u00e8gues nous demandent quelles sont les comp\u00e9tences du d\u00e9partement et \u00e0 quoi vont servir ces \u00e9lections. <\/p>\n<p style= \"text-align: justify;\">Les 22 et 29 mars 2015, vous voterez pour \u00e9lire vos repr\u00e9sentants \u00e0 l&rsquo;assembl\u00e9e du conseil d\u00e9partemental des Alpes de Haute Provence. Des conseillers d\u00e9partementaux seront \u00e9lus pour 6 ans.<\/p>\n<p style= \"text-align: justify;\">Le d\u00e9partement, c\u2019est d\u2019abord un service public de proximit\u00e9<\/p>\n<p style= \"text-align: justify;\">Le d\u00e9partement intervient sur : <\/p>\n<p style= \"text-align: justify;\">\n&#8211; L&rsquo;aide sociale<br \/>\n&#8211; La protection de l&rsquo;enfance (protection maternelle et infantile, assistants familiaux, maisons d&rsquo;enfants \u00e0 caract\u00e8re social, adoption, soutien aux familles en difficult\u00e9 financi\u00e8re)<br \/>\n&#8211; L&rsquo;insertion des personnes en difficult\u00e9, le RSA<br \/>\n&#8211; L&rsquo;aide aux personnes handicap\u00e9es (politiques d\u2019h\u00e9bergement et d\u2019insertion sociale, prestation de compensation du handicap)<br \/>\n&#8211; L&rsquo;aide aux personnes \u00e2g\u00e9es (cr\u00e9ation et gestion de maisons de retraite, politique de maintien des personnes \u00e2g\u00e9es \u00e0 domicile, allocation personnalis\u00e9e d\u2019autonomie)<br \/>\n&#8211; La gestion des routes d\u00e9partementales<br \/>\n&#8211; Les transports routiers non urbains dont transports scolaires par autocar (hors communaut\u00e9 d&rsquo;agglom\u00e9ration)<br \/>\n&#8211; Les coll\u00e8ges (construction, entretien et \u00e9quipement + personnels TOS)<br \/>\n&#8211; La culture (archives, biblioth\u00e8ques de pr\u00eat, patrimoine architectural, mus\u00e9es)<br \/>\n&#8211; Le d\u00e9veloppement local : aides aux associations et aux communes<br \/>\n&#8211; Le tourisme<br \/>\n&#8211; Les aides directes ou indirectes au d\u00e9veloppement \u00e9conomique (facultatif)<br \/>\n&#8211; Le financement des sapeurs-pompiers (SDIS)<br \/>\n&#8211; Le fonds de solidarit\u00e9 pour le logement (FSL)<\/p>\n","protected":false},"excerpt":{"rendered":"<p>Certains coll\u00e8gues nous demandent quelles sont les comp\u00e9tences du d\u00e9partement et \u00e0 quoi vont servir ces \u00e9lections. Les 22 et 29 mars 2015, vous voterez pour \u00e9lire vos repr\u00e9sentants \u00e0 l&rsquo;assembl\u00e9e du conseil d\u00e9partemental des Alpes de Haute Provence. Des conseillers d\u00e9partementaux seront \u00e9lus pour 6 ans. Le d\u00e9partement, c\u2019est d\u2019abord un service public de [&hellip;]<\/p>\n","protected":false},"author":1,"featured_media":0,"comment_status":"closed","ping_status":"closed","sticky":false,"template":"","format":"standard","meta":{"footnotes":""},"categories":[1],"tags":[],"views":1724,"_links":{"self":[{"href":"http:\/\/www.cgt-hopital-manosque.fr\/index.php?rest_route=\/wp\/v2\/posts\/3403"}],"collection":[{"href":"http:\/\/www.cgt-hopital-manosque.fr\/index.php?rest_route=\/wp\/v2\/posts"}],"about":[{"href":"http:\/\/www.cgt-hopital-manosque.fr\/index.php?rest_route=\/wp\/v2\/types\/post"}],"author":[{"embeddable":true,"href":"http:\/\/www.cgt-hopital-manosque.fr\/index.php?rest_route=\/wp\/v2\/users\/1"}],"replies":[{"embeddable":true,"href":"http:\/\/www.cgt-hopital-manosque.fr\/index.php?rest_route=%2Fwp%2Fv2%2Fcomments&post=3403"}],"version-history":[{"count":1,"href":"http:\/\/www.cgt-hopital-manosque.fr\/index.php?rest_route=\/wp\/v2\/posts\/3403\/revisions"}],"predecessor-version":[{"id":3405,"href":"http:\/\/www.cgt-hopital-manosque.fr\/index.php?rest_route=\/wp\/v2\/posts\/3403\/revisions\/3405"}],"wp:attachment":[{"href":"http:\/\/www.cgt-hopital-manosque.fr\/index.php?rest_route=%2Fwp%2Fv2%2Fmedia&parent=3403"}],"wp:term":[{"taxonomy":"category","embeddable":true,"href":"http:\/\/www.cgt-hopital-manosque.fr\/index.php?rest_route=%2Fwp%2Fv2%2Fcategories&post=3403"},{"taxonomy":"post_tag","embeddable":true,"href":"http:\/\/www.cgt-hopital-manosque.fr\/index.php?rest_route=%2Fwp%2Fv2%2Ftags&post=3403"}],"curies":[{"name":"wp","href":"https:\/\/api.w.org\/{rel}","templated":true}]}}