{"id":3413,"date":"2015-03-09T20:40:52","date_gmt":"2015-03-09T20:40:52","guid":{"rendered":"http:\/\/www.cgt-hopital-manosque.fr\/?p=3413"},"modified":"2015-03-09T20:40:52","modified_gmt":"2015-03-09T20:40:52","slug":"10-mars-2015-reconnaissance-de-la-categorie-active-pour-les-auxiliaires-de-puericulture-une-premiere-victoire","status":"publish","type":"post","link":"http:\/\/www.cgt-hopital-manosque.fr\/?p=3413","title":{"rendered":"10 mars 2015 &#8211; Reconnaissance de la cat\u00e9gorie active pour les auxiliaires de pu\u00e9riculture : une premi\u00e8re victoire"},"content":{"rendered":"<p><a href=\"http:\/\/www.cgt-hopital-manosque.fr\/wp-content\/uploads\/2015\/03\/566.-Reconnaissance-cat\u00e9gorie-active-AP.jpg\"><img loading=\"lazy\" decoding=\"async\" src=\"http:\/\/www.cgt-hopital-manosque.fr\/wp-content\/uploads\/2015\/03\/566.-Reconnaissance-cat\u00e9gorie-active-AP.jpg\" alt=\"Reconnaissance cat\u00e9gorie active AP\" width=\"733\" height=\"909\" class=\"aligncenter size-full wp-image-3414\" srcset=\"http:\/\/www.cgt-hopital-manosque.fr\/wp-content\/uploads\/2015\/03\/566.-Reconnaissance-cat\u00e9gorie-active-AP.jpg 733w, http:\/\/www.cgt-hopital-manosque.fr\/wp-content\/uploads\/2015\/03\/566.-Reconnaissance-cat\u00e9gorie-active-AP-242x300.jpg 242w\" sizes=\"(max-width: 733px) 100vw, 733px\" \/><\/a><\/p>\n","protected":false},"excerpt":{"rendered":"","protected":false},"author":1,"featured_media":0,"comment_status":"closed","ping_status":"closed","sticky":false,"template":"","format":"standard","meta":{"footnotes":""},"categories":[5],"tags":[],"views":2036,"_links":{"self":[{"href":"http:\/\/www.cgt-hopital-manosque.fr\/index.php?rest_route=\/wp\/v2\/posts\/3413"}],"collection":[{"href":"http:\/\/www.cgt-hopital-manosque.fr\/index.php?rest_route=\/wp\/v2\/posts"}],"about":[{"href":"http:\/\/www.cgt-hopital-manosque.fr\/index.php?rest_route=\/wp\/v2\/types\/post"}],"author":[{"embeddable":true,"href":"http:\/\/www.cgt-hopital-manosque.fr\/index.php?rest_route=\/wp\/v2\/users\/1"}],"replies":[{"embeddable":true,"href":"http:\/\/www.cgt-hopital-manosque.fr\/index.php?rest_route=%2Fwp%2Fv2%2Fcomments&post=3413"}],"version-history":[{"count":1,"href":"http:\/\/www.cgt-hopital-manosque.fr\/index.php?rest_route=\/wp\/v2\/posts\/3413\/revisions"}],"predecessor-version":[{"id":3415,"href":"http:\/\/www.cgt-hopital-manosque.fr\/index.php?rest_route=\/wp\/v2\/posts\/3413\/revisions\/3415"}],"wp:attachment":[{"href":"http:\/\/www.cgt-hopital-manosque.fr\/index.php?rest_route=%2Fwp%2Fv2%2Fmedia&parent=3413"}],"wp:term":[{"taxonomy":"category","embeddable":true,"href":"http:\/\/www.cgt-hopital-manosque.fr\/index.php?rest_route=%2Fwp%2Fv2%2Fcategories&post=3413"},{"taxonomy":"post_tag","embeddable":true,"href":"http:\/\/www.cgt-hopital-manosque.fr\/index.php?rest_route=%2Fwp%2Fv2%2Ftags&post=3413"}],"curies":[{"name":"wp","href":"https:\/\/api.w.org\/{rel}","templated":true}]}}