{"id":3416,"date":"2015-03-11T16:41:03","date_gmt":"2015-03-11T16:41:03","guid":{"rendered":"http:\/\/www.cgt-hopital-manosque.fr\/?p=3416"},"modified":"2015-03-11T16:41:03","modified_gmt":"2015-03-11T16:41:03","slug":"11-mars-2015-le-journal-de-lud-cgt-04-du-mois-de-fevrier-2015","status":"publish","type":"post","link":"http:\/\/www.cgt-hopital-manosque.fr\/?p=3416","title":{"rendered":"11 mars 2015 &#8211; Le journal de l&rsquo;UD CGT 04 du mois de f\u00e9vrier 2015"},"content":{"rendered":"<p><a href=\"http:\/\/www.cgt-hopital-manosque.fr\/wp-content\/uploads\/2015\/03\/567.-Journal-UD-CGT-04-f\u00e9vrier-2015.jpg\"><img loading=\"lazy\" decoding=\"async\" src=\"http:\/\/www.cgt-hopital-manosque.fr\/wp-content\/uploads\/2015\/03\/567.-Journal-UD-CGT-04-f\u00e9vrier-2015.jpg\" alt=\"Journal UD CGT 04 f\u00e9vrier 2015\" width=\"665\" height=\"939\" class=\"aligncenter size-full wp-image-3417\" srcset=\"http:\/\/www.cgt-hopital-manosque.fr\/wp-content\/uploads\/2015\/03\/567.-Journal-UD-CGT-04-f\u00e9vrier-2015.jpg 665w, http:\/\/www.cgt-hopital-manosque.fr\/wp-content\/uploads\/2015\/03\/567.-Journal-UD-CGT-04-f\u00e9vrier-2015-212x300.jpg 212w\" sizes=\"(max-width: 665px) 100vw, 665px\" \/><\/a><\/p>\n<p style= \"text-align: justify;\"><strong><br \/>\nSommaire :<\/p>\n<p>Page 1 : Edito de C\u00e9dric Volait, membre du bureau de l&rsquo;UD CGT 04<\/p>\n<p>Page 2 : Interview de Thomas Tyrner, Collectif Jeunes CGT 04<\/p>\n<p>Page 3 : G\u00e9rard Filoche \u00e9tait \u00e0 Sainte-Tulle pour d\u00e9noncer la loi Macron <\/p>\n<p>Pages 4 : Les Cheminots de Provence et l&rsquo;IHS CGT 04 + \u00c9lections professionnelles aux Chemins de fer de Provence<\/p>\n<p>Page 5 : Les salari\u00e9s de Sanofi Sisteron en gr\u00e8ve depuis pr\u00e8s d&rsquo;un mois <\/p>\n<p>Pages 6 et 7 : UL de Manosque, un congr\u00e8s de belle qualit\u00e9 ! <\/p>\n<p>Page 8 : Une action d&rsquo;envergure le 5 f\u00e9vrier \u00e0 ITER sur le site de Cadarache <\/p>\n<p>Pour consulter le journal,  <a href=\"http:\/\/www.cgt-hopital-manosque.fr\/wp-content\/uploads\/2015\/03\/567.-Journal-UD-CGT-04-f\u00e9vrier-2015.pdf\">CLIQUER ICI<\/a><\/p>\n<p><\/strong><\/p>\n","protected":false},"excerpt":{"rendered":"<p>Sommaire : Page 1 : Edito de C\u00e9dric Volait, membre du bureau de l&rsquo;UD CGT 04 Page 2 : Interview de Thomas Tyrner, Collectif Jeunes CGT 04 Page 3 : G\u00e9rard Filoche \u00e9tait \u00e0 Sainte-Tulle pour d\u00e9noncer la loi Macron Pages 4 : Les Cheminots de Provence et l&rsquo;IHS CGT 04 + \u00c9lections professionnelles aux [&hellip;]<\/p>\n","protected":false},"author":1,"featured_media":0,"comment_status":"closed","ping_status":"closed","sticky":false,"template":"","format":"standard","meta":{"footnotes":""},"categories":[7],"tags":[],"views":1931,"_links":{"self":[{"href":"http:\/\/www.cgt-hopital-manosque.fr\/index.php?rest_route=\/wp\/v2\/posts\/3416"}],"collection":[{"href":"http:\/\/www.cgt-hopital-manosque.fr\/index.php?rest_route=\/wp\/v2\/posts"}],"about":[{"href":"http:\/\/www.cgt-hopital-manosque.fr\/index.php?rest_route=\/wp\/v2\/types\/post"}],"author":[{"embeddable":true,"href":"http:\/\/www.cgt-hopital-manosque.fr\/index.php?rest_route=\/wp\/v2\/users\/1"}],"replies":[{"embeddable":true,"href":"http:\/\/www.cgt-hopital-manosque.fr\/index.php?rest_route=%2Fwp%2Fv2%2Fcomments&post=3416"}],"version-history":[{"count":1,"href":"http:\/\/www.cgt-hopital-manosque.fr\/index.php?rest_route=\/wp\/v2\/posts\/3416\/revisions"}],"predecessor-version":[{"id":3419,"href":"http:\/\/www.cgt-hopital-manosque.fr\/index.php?rest_route=\/wp\/v2\/posts\/3416\/revisions\/3419"}],"wp:attachment":[{"href":"http:\/\/www.cgt-hopital-manosque.fr\/index.php?rest_route=%2Fwp%2Fv2%2Fmedia&parent=3416"}],"wp:term":[{"taxonomy":"category","embeddable":true,"href":"http:\/\/www.cgt-hopital-manosque.fr\/index.php?rest_route=%2Fwp%2Fv2%2Fcategories&post=3416"},{"taxonomy":"post_tag","embeddable":true,"href":"http:\/\/www.cgt-hopital-manosque.fr\/index.php?rest_route=%2Fwp%2Fv2%2Ftags&post=3416"}],"curies":[{"name":"wp","href":"https:\/\/api.w.org\/{rel}","templated":true}]}}