{"id":3428,"date":"2015-03-18T20:16:24","date_gmt":"2015-03-18T20:16:24","guid":{"rendered":"http:\/\/www.cgt-hopital-manosque.fr\/?p=3428"},"modified":"2015-03-18T20:16:24","modified_gmt":"2015-03-18T20:16:24","slug":"18-mars-2015-le-11eme-congres-federal-de-la-sante-et-de-laction-sociale-approche","status":"publish","type":"post","link":"http:\/\/www.cgt-hopital-manosque.fr\/?p=3428","title":{"rendered":"18 mars 2015 &#8211; Le 11\u00e8me congr\u00e8s f\u00e9d\u00e9ral de la sant\u00e9 et de l&rsquo;action sociale approche"},"content":{"rendered":"<p style= \"text-align: justify;\">\nLe congr\u00e8s de notre F\u00e9d\u00e9ration va se d\u00e9rouler du 23 au 27 mars 2015 \u00e0 Reims.<\/p>\n<p style= \"text-align: justify;\">Des coll\u00e8gues de notre d\u00e9partement, particuli\u00e8rement de l&rsquo;h\u00f4pital de Manosque et celui de Digne y participeront.<\/p>\n<p style= \"text-align: justify;\">Un congr\u00e8s est un moment important de la vie d\u00e9mocratique d\u2019une organisation et la situation particuli\u00e8re que nous vivons ces derniers mois doit nous amener \u00e0 un d\u00e9bat sans concessions mais avec l\u2019objectif de nos rassembler. <\/p>\n<p style= \"text-align: justify;\">La situation que traverse le champ du sanitaire et du social \u2026 les derniers \u00e9v\u00e9nements auxquels nous sommes confront\u00e9s, en font un rendez-vous d\u00e9terminant pour notre f\u00e9d\u00e9ration qui doit se mettre en ordre de bataille.<\/p>\n<p style= \"text-align: justify;\">Notre congr\u00e8s doit permettre, \u00e0 partir de d\u00e9bats dans les syndicats, entre syndiqu\u00e9s, de d\u00e9finir nos r\u00e8gles de vie collective, d\u2019affiner notre strat\u00e9gie, notre d\u00e9marche revendicative\u2026 de fixer nos orientations pour les 3 ans \u00e0 venir afin de nous mettre en situation de gagner.  <\/p>\n<p style= \"text-align: justify;\">Les choix que nous aurons \u00e0 faire s\u2019inscriront in\u00e9vitablement dans le cadre des orientations vot\u00e9es au 50\u00e8me congr\u00e8s conf\u00e9d\u00e9ral de 2013, et s\u2019appuieront aussi sur  nos d\u00e9cisions prises lors des pr\u00e9c\u00e9dents congr\u00e8s f\u00e9d\u00e9raux et conf\u00e9d\u00e9raux. <\/p>\n<p style= \"text-align: justify;\">Le congr\u00e8s doit nous permettre de cr\u00e9er ou de recr\u00e9er la dynamique dont nous avons besoin pour conqu\u00e9rir le terrain tout en renfor\u00e7ant notre pr\u00e9sence l\u00e0 o\u00f9 nous sommes implant\u00e9s.<\/p>\n<p style= \"text-align: justify;\">Un forum r\u00e9gional s&rsquo;est d\u00e9roul\u00e9 le 12 f\u00e9vrier \u00e0 Marseille.<br \/>\nCe forum a \u00e9t\u00e9 l&rsquo;occasion de r\u00e9unir 62 participants r\u00e9alisant 78 interventions. Nous sommes plut\u00f4t satisfaits de cette journ\u00e9e puisque le public et les interventions ont \u00e9t\u00e9 tr\u00e8s diversifi\u00e9s. De nouveaux syndiqu\u00e9s ont eu la possibilit\u00e9 d&rsquo;exprimer leur ressenti tout en expliquant comment ils voyaient l&rsquo;avenir de la CGT. Cette journ\u00e9e a permis d&rsquo;\u00e9changer sur le document d&rsquo;orientation du prochain congr\u00e8s f\u00e9d\u00e9ral, puis sur notre secteur d&rsquo;activit\u00e9 et la CGT de mani\u00e8re plus g\u00e9n\u00e9rale.<\/p>\n<p style= \"text-align: justify;\">Nous avons \u00e9galement organis\u00e9  une r\u00e9union d\u00e9partementale pour en d\u00e9battre.<\/p>\n<p style= \"text-align: justify;\">Voici quelques exemples de th\u00e8mes abord\u00e9s :<\/p>\n<p style= \"text-align: justify;\">\n* Quelle CGT avons-nous besoin pour demain ?<br \/>\n* La question des CHSCT<br \/>\n* La la\u00efcit\u00e9<br \/>\n* Le document d&rsquo;orientation est-il assez \u00e0 l&rsquo;offensive ?<br \/>\n* La qualit\u00e9 de la vie syndicale<br \/>\n* La loi sant\u00e9<\/p>\n","protected":false},"excerpt":{"rendered":"<p>Le congr\u00e8s de notre F\u00e9d\u00e9ration va se d\u00e9rouler du 23 au 27 mars 2015 \u00e0 Reims. Des coll\u00e8gues de notre d\u00e9partement, particuli\u00e8rement de l&rsquo;h\u00f4pital de Manosque et celui de Digne y participeront. Un congr\u00e8s est un moment important de la vie d\u00e9mocratique d\u2019une organisation et la situation particuli\u00e8re que nous vivons ces derniers mois doit [&hellip;]<\/p>\n","protected":false},"author":1,"featured_media":0,"comment_status":"closed","ping_status":"closed","sticky":false,"template":"","format":"standard","meta":{"footnotes":""},"categories":[7],"tags":[],"views":1931,"_links":{"self":[{"href":"http:\/\/www.cgt-hopital-manosque.fr\/index.php?rest_route=\/wp\/v2\/posts\/3428"}],"collection":[{"href":"http:\/\/www.cgt-hopital-manosque.fr\/index.php?rest_route=\/wp\/v2\/posts"}],"about":[{"href":"http:\/\/www.cgt-hopital-manosque.fr\/index.php?rest_route=\/wp\/v2\/types\/post"}],"author":[{"embeddable":true,"href":"http:\/\/www.cgt-hopital-manosque.fr\/index.php?rest_route=\/wp\/v2\/users\/1"}],"replies":[{"embeddable":true,"href":"http:\/\/www.cgt-hopital-manosque.fr\/index.php?rest_route=%2Fwp%2Fv2%2Fcomments&post=3428"}],"version-history":[{"count":2,"href":"http:\/\/www.cgt-hopital-manosque.fr\/index.php?rest_route=\/wp\/v2\/posts\/3428\/revisions"}],"predecessor-version":[{"id":3431,"href":"http:\/\/www.cgt-hopital-manosque.fr\/index.php?rest_route=\/wp\/v2\/posts\/3428\/revisions\/3431"}],"wp:attachment":[{"href":"http:\/\/www.cgt-hopital-manosque.fr\/index.php?rest_route=%2Fwp%2Fv2%2Fmedia&parent=3428"}],"wp:term":[{"taxonomy":"category","embeddable":true,"href":"http:\/\/www.cgt-hopital-manosque.fr\/index.php?rest_route=%2Fwp%2Fv2%2Fcategories&post=3428"},{"taxonomy":"post_tag","embeddable":true,"href":"http:\/\/www.cgt-hopital-manosque.fr\/index.php?rest_route=%2Fwp%2Fv2%2Ftags&post=3428"}],"curies":[{"name":"wp","href":"https:\/\/api.w.org\/{rel}","templated":true}]}}