{"id":3434,"date":"2015-03-20T08:03:09","date_gmt":"2015-03-20T08:03:09","guid":{"rendered":"http:\/\/www.cgt-hopital-manosque.fr\/?p=3434"},"modified":"2015-03-20T08:09:23","modified_gmt":"2015-03-20T08:09:23","slug":"20-mars-2015-5-exigences-12-propositions","status":"publish","type":"post","link":"http:\/\/www.cgt-hopital-manosque.fr\/?p=3434","title":{"rendered":"20 mars 2015 &#8211; 5 exigences, 12 propositions"},"content":{"rendered":"<p><a href=\"http:\/\/www.cgt-hopital-manosque.fr\/wp-content\/uploads\/2015\/03\/569.-5-exigences-12-propositions.jpg\"><img loading=\"lazy\" decoding=\"async\" src=\"http:\/\/www.cgt-hopital-manosque.fr\/wp-content\/uploads\/2015\/03\/569.-5-exigences-12-propositions.jpg\" alt=\"5 exigences, 12 propositions\" width=\"674\" height=\"864\" class=\"aligncenter size-full wp-image-3435\" srcset=\"http:\/\/www.cgt-hopital-manosque.fr\/wp-content\/uploads\/2015\/03\/569.-5-exigences-12-propositions.jpg 674w, http:\/\/www.cgt-hopital-manosque.fr\/wp-content\/uploads\/2015\/03\/569.-5-exigences-12-propositions-234x300.jpg 234w\" sizes=\"(max-width: 674px) 100vw, 674px\" \/><\/a><\/p>\n<p style= \"text-align: justify;\">\n<strong><br \/>\nSommaire :<\/p>\n<p style= \"text-align: justify;\">Page 1 : affiche Pour un grand service public de sant\u00e9 et d&rsquo;action sociale<\/p>\n<p style= \"text-align: justify;\">Page 2 : quelles sont les caract\u00e9ristiques des \u00ab\u00a0r\u00e9formes\u00a0\u00bb de ces derni\u00e8res ann\u00e9es ?<\/p>\n<p style= \"text-align: justify;\">Page 3 : la future strat\u00e9gie nationale de sant\u00e9<\/p>\n<p style= \"text-align: justify;\">Page 4 : quel est l&rsquo;\u00e9tat des lieux ?<\/p>\n<p style= \"text-align: justify;\">Pages 5 et 6 : le plan Valls \/ Touraine<\/p>\n<p style= \"text-align: justify;\">Page 7 : les alternatives CGT &#8211; Les 5 exigences<\/p>\n<p style= \"text-align: justify;\">Pages 8,9 et 10 : les 12 propositions<\/p>\n<p style= \"text-align: justify;\">Page 11 : en guise de conclusion provisoire<\/p>\n<p style= \"text-align: justify;\">Page 12 : page de couverture<\/p>\n<p>***************<\/p>\n<p style= \"text-align: justify;\">Pour consulter le document complet,  <a href=\"http:\/\/www.cgt.fr\/IMG\/pdf\/5_exigences12_propositions.pdf \" target=\"_blank\">CLIQUER ICI<\/a><br \/>\n<\/strong><\/p>\n","protected":false},"excerpt":{"rendered":"<p>Sommaire : Page 1 : affiche Pour un grand service public de sant\u00e9 et d&rsquo;action sociale Page 2 : quelles sont les caract\u00e9ristiques des \u00ab\u00a0r\u00e9formes\u00a0\u00bb de ces derni\u00e8res ann\u00e9es ? Page 3 : la future strat\u00e9gie nationale de sant\u00e9 Page 4 : quel est l&rsquo;\u00e9tat des lieux ? Pages 5 et 6 : le plan [&hellip;]<\/p>\n","protected":false},"author":1,"featured_media":0,"comment_status":"closed","ping_status":"closed","sticky":false,"template":"","format":"standard","meta":{"footnotes":""},"categories":[7],"tags":[],"views":1796,"_links":{"self":[{"href":"http:\/\/www.cgt-hopital-manosque.fr\/index.php?rest_route=\/wp\/v2\/posts\/3434"}],"collection":[{"href":"http:\/\/www.cgt-hopital-manosque.fr\/index.php?rest_route=\/wp\/v2\/posts"}],"about":[{"href":"http:\/\/www.cgt-hopital-manosque.fr\/index.php?rest_route=\/wp\/v2\/types\/post"}],"author":[{"embeddable":true,"href":"http:\/\/www.cgt-hopital-manosque.fr\/index.php?rest_route=\/wp\/v2\/users\/1"}],"replies":[{"embeddable":true,"href":"http:\/\/www.cgt-hopital-manosque.fr\/index.php?rest_route=%2Fwp%2Fv2%2Fcomments&post=3434"}],"version-history":[{"count":9,"href":"http:\/\/www.cgt-hopital-manosque.fr\/index.php?rest_route=\/wp\/v2\/posts\/3434\/revisions"}],"predecessor-version":[{"id":3444,"href":"http:\/\/www.cgt-hopital-manosque.fr\/index.php?rest_route=\/wp\/v2\/posts\/3434\/revisions\/3444"}],"wp:attachment":[{"href":"http:\/\/www.cgt-hopital-manosque.fr\/index.php?rest_route=%2Fwp%2Fv2%2Fmedia&parent=3434"}],"wp:term":[{"taxonomy":"category","embeddable":true,"href":"http:\/\/www.cgt-hopital-manosque.fr\/index.php?rest_route=%2Fwp%2Fv2%2Fcategories&post=3434"},{"taxonomy":"post_tag","embeddable":true,"href":"http:\/\/www.cgt-hopital-manosque.fr\/index.php?rest_route=%2Fwp%2Fv2%2Ftags&post=3434"}],"curies":[{"name":"wp","href":"https:\/\/api.w.org\/{rel}","templated":true}]}}