{"id":3468,"date":"2015-04-01T12:31:37","date_gmt":"2015-04-01T12:31:37","guid":{"rendered":"http:\/\/www.cgt-hopital-manosque.fr\/?p=3468"},"modified":"2015-04-01T12:37:19","modified_gmt":"2015-04-01T12:37:19","slug":"1er-avril-2015-mort-dun-educateur-specialite-a-nantes-dans-lexercice-de-ses-fonctions","status":"publish","type":"post","link":"http:\/\/www.cgt-hopital-manosque.fr\/?p=3468","title":{"rendered":"1er avril 2015 &#8211; Mort d&rsquo;un \u00e9ducateur sp\u00e9cialis\u00e9 \u00e0 Nantes dans l&rsquo;exercice de ses fonctions"},"content":{"rendered":"<p><a href=\"http:\/\/www.cgt-hopital-manosque.fr\/wp-content\/uploads\/2015\/04\/573.-Drame-\u00e0-Nantes-CGT-sant\u00e9-social.jpg\"><img loading=\"lazy\" decoding=\"async\" src=\"http:\/\/www.cgt-hopital-manosque.fr\/wp-content\/uploads\/2015\/04\/573.-Drame-\u00e0-Nantes-CGT-sant\u00e9-social.jpg\" alt=\"Drame \u00e0 Nantes CGT sant\u00e9 social\" width=\"738\" height=\"941\" class=\"aligncenter size-full wp-image-3469\" srcset=\"http:\/\/www.cgt-hopital-manosque.fr\/wp-content\/uploads\/2015\/04\/573.-Drame-\u00e0-Nantes-CGT-sant\u00e9-social.jpg 738w, http:\/\/www.cgt-hopital-manosque.fr\/wp-content\/uploads\/2015\/04\/573.-Drame-\u00e0-Nantes-CGT-sant\u00e9-social-235x300.jpg 235w\" sizes=\"(max-width: 738px) 100vw, 738px\" \/><\/a><\/p>\n","protected":false},"excerpt":{"rendered":"","protected":false},"author":1,"featured_media":0,"comment_status":"closed","ping_status":"closed","sticky":false,"template":"","format":"standard","meta":{"footnotes":""},"categories":[8],"tags":[],"views":1552,"_links":{"self":[{"href":"http:\/\/www.cgt-hopital-manosque.fr\/index.php?rest_route=\/wp\/v2\/posts\/3468"}],"collection":[{"href":"http:\/\/www.cgt-hopital-manosque.fr\/index.php?rest_route=\/wp\/v2\/posts"}],"about":[{"href":"http:\/\/www.cgt-hopital-manosque.fr\/index.php?rest_route=\/wp\/v2\/types\/post"}],"author":[{"embeddable":true,"href":"http:\/\/www.cgt-hopital-manosque.fr\/index.php?rest_route=\/wp\/v2\/users\/1"}],"replies":[{"embeddable":true,"href":"http:\/\/www.cgt-hopital-manosque.fr\/index.php?rest_route=%2Fwp%2Fv2%2Fcomments&post=3468"}],"version-history":[{"count":2,"href":"http:\/\/www.cgt-hopital-manosque.fr\/index.php?rest_route=\/wp\/v2\/posts\/3468\/revisions"}],"predecessor-version":[{"id":3471,"href":"http:\/\/www.cgt-hopital-manosque.fr\/index.php?rest_route=\/wp\/v2\/posts\/3468\/revisions\/3471"}],"wp:attachment":[{"href":"http:\/\/www.cgt-hopital-manosque.fr\/index.php?rest_route=%2Fwp%2Fv2%2Fmedia&parent=3468"}],"wp:term":[{"taxonomy":"category","embeddable":true,"href":"http:\/\/www.cgt-hopital-manosque.fr\/index.php?rest_route=%2Fwp%2Fv2%2Fcategories&post=3468"},{"taxonomy":"post_tag","embeddable":true,"href":"http:\/\/www.cgt-hopital-manosque.fr\/index.php?rest_route=%2Fwp%2Fv2%2Ftags&post=3468"}],"curies":[{"name":"wp","href":"https:\/\/api.w.org\/{rel}","templated":true}]}}