{"id":3518,"date":"2015-04-23T19:43:51","date_gmt":"2015-04-23T19:43:51","guid":{"rendered":"http:\/\/www.cgt-hopital-manosque.fr\/?p=3518"},"modified":"2015-04-23T19:43:51","modified_gmt":"2015-04-23T19:43:51","slug":"23-avril-2015-loi-macron-surenchere-pour-un-projet-de-loi-aux-dangers-omnipresents","status":"publish","type":"post","link":"http:\/\/www.cgt-hopital-manosque.fr\/?p=3518","title":{"rendered":"23 avril 2015 &#8211; Loi Macron : surench\u00e8re pour un projet de loi aux dangers omnipr\u00e9sents"},"content":{"rendered":"<p><a href=\"http:\/\/www.cgt-hopital-manosque.fr\/wp-content\/uploads\/2015\/04\/582.-Loi-Macron.png\"><img loading=\"lazy\" decoding=\"async\" src=\"http:\/\/www.cgt-hopital-manosque.fr\/wp-content\/uploads\/2015\/04\/582.-Loi-Macron.png\" alt=\"CGT Loi Macron\" width=\"510\" height=\"268\" class=\"aligncenter size-full wp-image-3519\" srcset=\"http:\/\/www.cgt-hopital-manosque.fr\/wp-content\/uploads\/2015\/04\/582.-Loi-Macron.png 510w, http:\/\/www.cgt-hopital-manosque.fr\/wp-content\/uploads\/2015\/04\/582.-Loi-Macron-300x158.png 300w\" sizes=\"(max-width: 510px) 100vw, 510px\" \/><\/a><\/p>\n<p style= \"text-align: justify;\">Le Pr\u00e9sident de la r\u00e9publique et son gouvernement se retrouvent en difficult\u00e9 depuis 2012, notamment face aux non-promesses de campagne et \u00e0 leur politique lib\u00e9rale en d\u00e9faveur des salari\u00e9(e)s, des retrait\u00e9(e)s et des demandeurs d\u2019employeurs, et cependant en faveur du patronat. <\/p>\n<p style= \"text-align: justify;\">Du coup, ils misent plut\u00f4t sur la majorit\u00e9 de droite au S\u00e9nat pour appuyer le projet de loi Macron, qui s\u2019y retrouvent sur de nombreux points.<br \/>\nLa lib\u00e9ralisation des transports, par autocar au d\u00e9triment du rail, le soutien au logement interm\u00e9diaire, les \u00ab zones touristiques \u00bb cr\u00e9\u00e9es pour y permettre l\u2019ouverture des commerces tous les dimanches de l\u2019ann\u00e9e, le d\u00e9veloppement de l\u2019actionnariat salari\u00e9, ou encore la peine d\u2019emprisonnement pour les patrons se rendant coupables de d\u00e9lit d\u2019entrave aux instances repr\u00e9sentatives du personnel vont dans ce sens. <\/p>\n<p style= \"text-align: justify;\">La philosophie \u00ab probusiness \u00bb reste la toile du fond du texte.<br \/>\nL\u2019UMP et l\u2019UDI, vex\u00e9s par l\u2019intrusion des socialistes sur leur pr\u00e9-carr\u00e9 propatronal jouent la surench\u00e8re. Ils profitent de cette belle occasion, pour essayer d\u2019aller encore plus loin. <\/p>\n<p style= \"text-align: justify;\">Ainsi, par exemple, ils souhaiteraient autoriser les entreprises \u00e0 n\u00e9gocier des \u00ab accords offensifs \u00bb pour leur permettre de s\u2019affranchir de la dur\u00e9e l\u00e9gale du travail. Ce serait la fin des \u00ab 35h00 \u00bb. <\/p>\n<p style= \"text-align: justify;\">La philosophie thatch\u00e9rienne de ce texte induit que l\u2019\u00e9tat est le probl\u00e8me et le march\u00e9 la solution. Ce projet ne produira aucun effet b\u00e9n\u00e9fique sur l\u2019emploi et les salaires. C\u2019est avant tout un symbole d\u2019un cap lib\u00e9ral renforc\u00e9 par l\u2019utilisation de l\u2019article 49-3 de la Constitution. <\/p>\n<p style= \"text-align: justify;\">Nous devons maintenir et amplifier la pression afin de combattre ce texte guid\u00e9 par une politique de destruction massive du code du travail et de d\u00e9sorganisation de nos vies ! Nous ne pouvons capituler sans combattre ! Il ne faut pas se contenter de contester, il faut \u00e9galement rassembler contre ce projet de loi, bien trop \u00e9loign\u00e9 des salari\u00e9(e)s, des citoyen(ne)s, du progr\u00e8s social. <\/p>\n","protected":false},"excerpt":{"rendered":"<p>Le Pr\u00e9sident de la r\u00e9publique et son gouvernement se retrouvent en difficult\u00e9 depuis 2012, notamment face aux non-promesses de campagne et \u00e0 leur politique lib\u00e9rale en d\u00e9faveur des salari\u00e9(e)s, des retrait\u00e9(e)s et des demandeurs d\u2019employeurs, et cependant en faveur du patronat. Du coup, ils misent plut\u00f4t sur la majorit\u00e9 de droite au S\u00e9nat pour appuyer [&hellip;]<\/p>\n","protected":false},"author":1,"featured_media":0,"comment_status":"closed","ping_status":"closed","sticky":false,"template":"","format":"standard","meta":{"footnotes":""},"categories":[8],"tags":[],"views":2076,"_links":{"self":[{"href":"http:\/\/www.cgt-hopital-manosque.fr\/index.php?rest_route=\/wp\/v2\/posts\/3518"}],"collection":[{"href":"http:\/\/www.cgt-hopital-manosque.fr\/index.php?rest_route=\/wp\/v2\/posts"}],"about":[{"href":"http:\/\/www.cgt-hopital-manosque.fr\/index.php?rest_route=\/wp\/v2\/types\/post"}],"author":[{"embeddable":true,"href":"http:\/\/www.cgt-hopital-manosque.fr\/index.php?rest_route=\/wp\/v2\/users\/1"}],"replies":[{"embeddable":true,"href":"http:\/\/www.cgt-hopital-manosque.fr\/index.php?rest_route=%2Fwp%2Fv2%2Fcomments&post=3518"}],"version-history":[{"count":1,"href":"http:\/\/www.cgt-hopital-manosque.fr\/index.php?rest_route=\/wp\/v2\/posts\/3518\/revisions"}],"predecessor-version":[{"id":3520,"href":"http:\/\/www.cgt-hopital-manosque.fr\/index.php?rest_route=\/wp\/v2\/posts\/3518\/revisions\/3520"}],"wp:attachment":[{"href":"http:\/\/www.cgt-hopital-manosque.fr\/index.php?rest_route=%2Fwp%2Fv2%2Fmedia&parent=3518"}],"wp:term":[{"taxonomy":"category","embeddable":true,"href":"http:\/\/www.cgt-hopital-manosque.fr\/index.php?rest_route=%2Fwp%2Fv2%2Fcategories&post=3518"},{"taxonomy":"post_tag","embeddable":true,"href":"http:\/\/www.cgt-hopital-manosque.fr\/index.php?rest_route=%2Fwp%2Fv2%2Ftags&post=3518"}],"curies":[{"name":"wp","href":"https:\/\/api.w.org\/{rel}","templated":true}]}}