{"id":3537,"date":"2015-04-30T18:49:47","date_gmt":"2015-04-30T18:49:47","guid":{"rendered":"http:\/\/www.cgt-hopital-manosque.fr\/?p=3537"},"modified":"2015-04-30T18:49:47","modified_gmt":"2015-04-30T18:49:47","slug":"30-avril-2015-le-journal-de-lud-cgt-04-du-mois-davril-2015","status":"publish","type":"post","link":"http:\/\/www.cgt-hopital-manosque.fr\/?p=3537","title":{"rendered":"30 avril 2015 &#8211; Le journal de l&rsquo;UD CGT 04 du mois d&rsquo;avril 2015"},"content":{"rendered":"<p><a href=\"http:\/\/www.cgt-hopital-manosque.fr\/wp-content\/uploads\/2015\/04\/586.-Journal-CGT-UD-04-avril-2015.jpg\"><img loading=\"lazy\" decoding=\"async\" src=\"http:\/\/www.cgt-hopital-manosque.fr\/wp-content\/uploads\/2015\/04\/586.-Journal-CGT-UD-04-avril-2015.jpg\" alt=\" Journal CGT UD 04 avril 2015\" width=\"599\" height=\"848\" class=\"aligncenter size-full wp-image-3538\" srcset=\"http:\/\/www.cgt-hopital-manosque.fr\/wp-content\/uploads\/2015\/04\/586.-Journal-CGT-UD-04-avril-2015.jpg 599w, http:\/\/www.cgt-hopital-manosque.fr\/wp-content\/uploads\/2015\/04\/586.-Journal-CGT-UD-04-avril-2015-212x300.jpg 212w\" sizes=\"(max-width: 599px) 100vw, 599px\" \/><\/a><\/p>\n<p style= \"text-align: justify;\"><strong><br \/>\nSommaire :<\/p>\n<p>Pages 1 : Edito sp\u00e9cial 1er mai<\/p>\n<p>Pages 2 et 3 : Manifestation du 9 avril : une belle r\u00e9ussite qui doit en appeler d\u2019autres<\/p>\n<p>Pages 4, 5 et 6 : R\u00e9sum\u00e9 de la journ\u00e9e d\u2019\u00e9tude \u00ab Formation Professionnelle \u00bb du 21 avril<\/p>\n<p>Page 7 : Rassemblement \u00e0 Manosque le 18 avril contre les trait\u00e9s de libre \u00e9change<\/p>\n<p>Page 8 : Rassemblements du 1er mai<\/p>\n<p>Pour consulter le journal,  <a href=\"http:\/\/www.cgt-hopital-manosque.fr\/wp-content\/uploads\/2015\/04\/586.-Journal-CGT-UD-04-avril-2015.pdf\">CLIQUER ICI<\/a><\/p>\n<p><\/strong><\/p>\n","protected":false},"excerpt":{"rendered":"<p>Sommaire : Pages 1 : Edito sp\u00e9cial 1er mai Pages 2 et 3 : Manifestation du 9 avril : une belle r\u00e9ussite qui doit en appeler d\u2019autres Pages 4, 5 et 6 : R\u00e9sum\u00e9 de la journ\u00e9e d\u2019\u00e9tude \u00ab Formation Professionnelle \u00bb du 21 avril Page 7 : Rassemblement \u00e0 Manosque le 18 avril contre [&hellip;]<\/p>\n","protected":false},"author":1,"featured_media":0,"comment_status":"closed","ping_status":"closed","sticky":false,"template":"","format":"standard","meta":{"footnotes":""},"categories":[7],"tags":[],"views":1887,"_links":{"self":[{"href":"http:\/\/www.cgt-hopital-manosque.fr\/index.php?rest_route=\/wp\/v2\/posts\/3537"}],"collection":[{"href":"http:\/\/www.cgt-hopital-manosque.fr\/index.php?rest_route=\/wp\/v2\/posts"}],"about":[{"href":"http:\/\/www.cgt-hopital-manosque.fr\/index.php?rest_route=\/wp\/v2\/types\/post"}],"author":[{"embeddable":true,"href":"http:\/\/www.cgt-hopital-manosque.fr\/index.php?rest_route=\/wp\/v2\/users\/1"}],"replies":[{"embeddable":true,"href":"http:\/\/www.cgt-hopital-manosque.fr\/index.php?rest_route=%2Fwp%2Fv2%2Fcomments&post=3537"}],"version-history":[{"count":1,"href":"http:\/\/www.cgt-hopital-manosque.fr\/index.php?rest_route=\/wp\/v2\/posts\/3537\/revisions"}],"predecessor-version":[{"id":3540,"href":"http:\/\/www.cgt-hopital-manosque.fr\/index.php?rest_route=\/wp\/v2\/posts\/3537\/revisions\/3540"}],"wp:attachment":[{"href":"http:\/\/www.cgt-hopital-manosque.fr\/index.php?rest_route=%2Fwp%2Fv2%2Fmedia&parent=3537"}],"wp:term":[{"taxonomy":"category","embeddable":true,"href":"http:\/\/www.cgt-hopital-manosque.fr\/index.php?rest_route=%2Fwp%2Fv2%2Fcategories&post=3537"},{"taxonomy":"post_tag","embeddable":true,"href":"http:\/\/www.cgt-hopital-manosque.fr\/index.php?rest_route=%2Fwp%2Fv2%2Ftags&post=3537"}],"curies":[{"name":"wp","href":"https:\/\/api.w.org\/{rel}","templated":true}]}}