{"id":3549,"date":"2015-05-11T19:19:43","date_gmt":"2015-05-11T19:19:43","guid":{"rendered":"http:\/\/www.cgt-hopital-manosque.fr\/?p=3549"},"modified":"2015-05-11T19:20:43","modified_gmt":"2015-05-11T19:20:43","slug":"11-mai-2015-journee-mondiale-pour-la-sante-au-travail-la-ces-reclame-des-actes-contre-les-cancers-professionnels","status":"publish","type":"post","link":"http:\/\/www.cgt-hopital-manosque.fr\/?p=3549","title":{"rendered":"11 mai 2015 &#8211; Journ\u00e9e mondiale pour la sant\u00e9 au travail : la CES r\u00e9clame des actes contre les cancers professionnels"},"content":{"rendered":"<p style= \"text-align: justify;\">\u00c0 l&rsquo;occasion de la Journ\u00e9e mondiale pour la s\u00e9curit\u00e9 et la sant\u00e9 au travail, c\u00e9l\u00e9br\u00e9e chaque ann\u00e9e le 28 avril, la Conf\u00e9d\u00e9ration europ\u00e9enne des syndicats (CES) a d\u00e9nonc\u00e9 l&rsquo;immobilisme de la Commission europ\u00e9enne en mati\u00e8re de lutte contre les cancers professionnels. Le 28 avril, l&rsquo;organisation syndicale a interpel\u00e9 directement les instances europ\u00e9ennes dans trois villes europ\u00e9ennes. <\/p>\n<p style= \"text-align: justify;\">La patience de la CES est manifestement \u00e0 bout. La directive Agents canc\u00e9rog\u00e8nes, le principal instrument permettant de prot\u00e9ger les travailleurs contre l&rsquo;exposition aux substances canc\u00e9rog\u00e8nes et mutag\u00e8nes sur le lieu de travail, est en cours de r\u00e9vision depuis plus de dix ans. La campagne pour une \u00ab\u00a0meilleure r\u00e9glementation\u00a0\u00bb men\u00e9e par la Commission depuis plusieurs ann\u00e9es n&rsquo;aide \u00e9videmment pas \u00e0 faire avancer le dossier. <\/p>\n<p style= \"text-align: justify;\">Cet immobilisme a un co\u00fbt humain, rappelle la CES dans un communiqu\u00e9, citant le chiffre de 100.00 d\u00e9c\u00e8s par an \u00e0 la suite de cancers li\u00e9s au travail. La CES estime donc que 150.000 vies ont \u00e9t\u00e9 perdues dans l&rsquo;Union europ\u00e9enne depuis l&rsquo;annonce par la Commission, en octobre 2013, de sa d\u00e9cision de suspendre toutes les initiatives l\u00e9gislatives en cours dans le domaine de la sant\u00e9 et s\u00e9curit\u00e9 au travail. <\/p>\n<p style= \"text-align: justify;\">\u00ab\u00a0Les mesures de protection des travailleurs contre le cancer et les probl\u00e8mes de fertilit\u00e9 sont trait\u00e9s comme de la &lsquo;paperasserie&rsquo; et qualifi\u00e9s de &lsquo;fardeau inutile&rsquo; pour l&rsquo;industrie. C&rsquo;est honteux\u00a0\u00bb, a d\u00e9clar\u00e9 Bernadette Segol, la secr\u00e9taire g\u00e9n\u00e9rale de la CES. <\/p>\n<p style= \"text-align: justify;\">L&rsquo;organisation syndicale r\u00e9clame l&rsquo;adoption par la Commission de valeurs limites d&rsquo;exposition professionnelle contraignantes pour 50 substances chimiques dangereuses. \u00c0 ce jour, la directive n&rsquo;impose des limites d&rsquo;exposition sur le lieu de travail que pour trois canc\u00e9rog\u00e8nes : le benz\u00e8ne, le chlorure de vinyle monom\u00e8re et les poussi\u00e8res de bois durs. La CES exige \u00e9galement l&rsquo;extension de la directive aux substances toxiques pour la reproduction. <\/p>\n<p style= \"text-align: justify;\">Le 28 avril, Bernadette Segol a expos\u00e9  ses griefs lors de rencontres \u00e0 Strasbourg avec la Commissaire europ\u00e9enne aux Affaires sociales Marianne Thyssen et le pr\u00e9sident du Parlement europ\u00e9en Martin Schulz. D&rsquo;autres responsables de la CES ont particip\u00e9 \u00e0 des actions syndicales \u00e0 Bruxelles et \u00e0 Riga. <\/p>\n","protected":false},"excerpt":{"rendered":"<p>\u00c0 l&rsquo;occasion de la Journ\u00e9e mondiale pour la s\u00e9curit\u00e9 et la sant\u00e9 au travail, c\u00e9l\u00e9br\u00e9e chaque ann\u00e9e le 28 avril, la Conf\u00e9d\u00e9ration europ\u00e9enne des syndicats (CES) a d\u00e9nonc\u00e9 l&rsquo;immobilisme de la Commission europ\u00e9enne en mati\u00e8re de lutte contre les cancers professionnels. Le 28 avril, l&rsquo;organisation syndicale a interpel\u00e9 directement les instances europ\u00e9ennes dans trois villes [&hellip;]<\/p>\n","protected":false},"author":1,"featured_media":0,"comment_status":"closed","ping_status":"closed","sticky":false,"template":"","format":"standard","meta":{"footnotes":""},"categories":[8],"tags":[],"views":1700,"_links":{"self":[{"href":"http:\/\/www.cgt-hopital-manosque.fr\/index.php?rest_route=\/wp\/v2\/posts\/3549"}],"collection":[{"href":"http:\/\/www.cgt-hopital-manosque.fr\/index.php?rest_route=\/wp\/v2\/posts"}],"about":[{"href":"http:\/\/www.cgt-hopital-manosque.fr\/index.php?rest_route=\/wp\/v2\/types\/post"}],"author":[{"embeddable":true,"href":"http:\/\/www.cgt-hopital-manosque.fr\/index.php?rest_route=\/wp\/v2\/users\/1"}],"replies":[{"embeddable":true,"href":"http:\/\/www.cgt-hopital-manosque.fr\/index.php?rest_route=%2Fwp%2Fv2%2Fcomments&post=3549"}],"version-history":[{"count":2,"href":"http:\/\/www.cgt-hopital-manosque.fr\/index.php?rest_route=\/wp\/v2\/posts\/3549\/revisions"}],"predecessor-version":[{"id":3551,"href":"http:\/\/www.cgt-hopital-manosque.fr\/index.php?rest_route=\/wp\/v2\/posts\/3549\/revisions\/3551"}],"wp:attachment":[{"href":"http:\/\/www.cgt-hopital-manosque.fr\/index.php?rest_route=%2Fwp%2Fv2%2Fmedia&parent=3549"}],"wp:term":[{"taxonomy":"category","embeddable":true,"href":"http:\/\/www.cgt-hopital-manosque.fr\/index.php?rest_route=%2Fwp%2Fv2%2Fcategories&post=3549"},{"taxonomy":"post_tag","embeddable":true,"href":"http:\/\/www.cgt-hopital-manosque.fr\/index.php?rest_route=%2Fwp%2Fv2%2Ftags&post=3549"}],"curies":[{"name":"wp","href":"https:\/\/api.w.org\/{rel}","templated":true}]}}