{"id":3554,"date":"2015-05-12T18:43:43","date_gmt":"2015-05-12T18:43:43","guid":{"rendered":"http:\/\/www.cgt-hopital-manosque.fr\/?p=3554"},"modified":"2015-05-12T18:48:21","modified_gmt":"2015-05-12T18:48:21","slug":"13-mai-2015-journee-detude-la-cgt-et-la-place-des-jeunes-le-lundi-1er-juin-2015","status":"publish","type":"post","link":"http:\/\/www.cgt-hopital-manosque.fr\/?p=3554","title":{"rendered":"13 mai 2015 &#8211; Journ\u00e9e d&rsquo;\u00e9tude \u00ab\u00a0La CGT et la place des jeunes\u00a0\u00bb le lundi 1er juin 2015"},"content":{"rendered":"<p><a href=\"http:\/\/www.cgt-hopital-manosque.fr\/wp-content\/uploads\/2015\/05\/591.-Journ\u00e9e-du-1er-juin-2015-sur-les-jeunes-CGT.jpg\"><img loading=\"lazy\" decoding=\"async\" src=\"http:\/\/www.cgt-hopital-manosque.fr\/wp-content\/uploads\/2015\/05\/591.-Journ\u00e9e-du-1er-juin-2015-sur-les-jeunes-CGT.jpg\" alt=\"Journ\u00e9e du 1er juin 2015 sur les jeunes CGT\" width=\"667\" height=\"213\" class=\"aligncenter size-full wp-image-3555\" srcset=\"http:\/\/www.cgt-hopital-manosque.fr\/wp-content\/uploads\/2015\/05\/591.-Journ\u00e9e-du-1er-juin-2015-sur-les-jeunes-CGT.jpg 667w, http:\/\/www.cgt-hopital-manosque.fr\/wp-content\/uploads\/2015\/05\/591.-Journ\u00e9e-du-1er-juin-2015-sur-les-jeunes-CGT-300x96.jpg 300w\" sizes=\"(max-width: 667px) 100vw, 667px\" \/><\/a><\/p>\n<p><strong><\/p>\n<p style= \"text-align: justify;\">Tu as entre 18 et 35 ans, tu es invit\u00e9(e) \u00e0 participer \u00e0 la journ\u00e9e d\u2019\u00e9tude \u00ab\u00a0la CGT et la place des Jeunes\u00a0\u00bb de l&rsquo;UD CGT 04 qui se d\u00e9roulera au Hameau des Pourcelles dans la salle du Comit\u00e9 des f\u00eates. <\/p>\n<p style= \"text-align: justify;\">* Qu\u2019est-ce que \u00ab\u00a0Jeunes CGT\u00a0\u00bb ?<br \/>\n* Comment es tu arriv\u00e9(e) \u00e0 la CGT ?<br \/>\n* Comment vois tu la CGT ?<br \/>\n* Comment veux tu la CGT ?<br \/>\n* Comment partager les valeurs de la CGT ?<br \/>\n* Quelles futures actions pour les Jeunes CGT 04 ?<br \/>\nSeront quelques unes des questions abord\u00e9es lors de cette journ\u00e9e o\u00f9 la musique et un repas festif (offert par l&rsquo;UD CGT 04) seront \u00e9galement au RDV. <\/p>\n<p style= \"text-align: justify;\">Merci de t&rsquo;inscrire rapidement afin de pr\u00e9voir la logistique de la journ\u00e9e. <\/p>\n<p style= \"text-align: justify;\">Pour toute information suppl\u00e9mentaire n\u2019h\u00e9site pas, soit \u00e0 nous contacter au 04 92 36 62 00, ou par mail : jeunes.cgt04@gmail.com<br \/>\nRe\u00e7ois nos amiti\u00e9s syndicales <\/p>\n<p><\/strong><\/p>\n","protected":false},"excerpt":{"rendered":"<p>Tu as entre 18 et 35 ans, tu es invit\u00e9(e) \u00e0 participer \u00e0 la journ\u00e9e d\u2019\u00e9tude \u00ab\u00a0la CGT et la place des Jeunes\u00a0\u00bb de l&rsquo;UD CGT 04 qui se d\u00e9roulera au Hameau des Pourcelles dans la salle du Comit\u00e9 des f\u00eates. * Qu\u2019est-ce que \u00ab\u00a0Jeunes CGT\u00a0\u00bb ? * Comment es tu arriv\u00e9(e) \u00e0 la CGT [&hellip;]<\/p>\n","protected":false},"author":1,"featured_media":0,"comment_status":"closed","ping_status":"closed","sticky":false,"template":"","format":"standard","meta":{"footnotes":""},"categories":[7],"tags":[],"views":1816,"_links":{"self":[{"href":"http:\/\/www.cgt-hopital-manosque.fr\/index.php?rest_route=\/wp\/v2\/posts\/3554"}],"collection":[{"href":"http:\/\/www.cgt-hopital-manosque.fr\/index.php?rest_route=\/wp\/v2\/posts"}],"about":[{"href":"http:\/\/www.cgt-hopital-manosque.fr\/index.php?rest_route=\/wp\/v2\/types\/post"}],"author":[{"embeddable":true,"href":"http:\/\/www.cgt-hopital-manosque.fr\/index.php?rest_route=\/wp\/v2\/users\/1"}],"replies":[{"embeddable":true,"href":"http:\/\/www.cgt-hopital-manosque.fr\/index.php?rest_route=%2Fwp%2Fv2%2Fcomments&post=3554"}],"version-history":[{"count":5,"href":"http:\/\/www.cgt-hopital-manosque.fr\/index.php?rest_route=\/wp\/v2\/posts\/3554\/revisions"}],"predecessor-version":[{"id":3560,"href":"http:\/\/www.cgt-hopital-manosque.fr\/index.php?rest_route=\/wp\/v2\/posts\/3554\/revisions\/3560"}],"wp:attachment":[{"href":"http:\/\/www.cgt-hopital-manosque.fr\/index.php?rest_route=%2Fwp%2Fv2%2Fmedia&parent=3554"}],"wp:term":[{"taxonomy":"category","embeddable":true,"href":"http:\/\/www.cgt-hopital-manosque.fr\/index.php?rest_route=%2Fwp%2Fv2%2Fcategories&post=3554"},{"taxonomy":"post_tag","embeddable":true,"href":"http:\/\/www.cgt-hopital-manosque.fr\/index.php?rest_route=%2Fwp%2Fv2%2Ftags&post=3554"}],"curies":[{"name":"wp","href":"https:\/\/api.w.org\/{rel}","templated":true}]}}